{"id":10413,"date":"2025-03-06T21:57:26","date_gmt":"2025-03-07T00:57:26","guid":{"rendered":"https:\/\/hdpnoticias.com.ar\/?p=10413"},"modified":"2025-04-07T08:03:59","modified_gmt":"2025-04-07T11:03:59","slug":"abigeato-declaro-el-abogado-ricardo-osuna-y-sigue-preso","status":"publish","type":"post","link":"https:\/\/hdpnoticias.com.ar\/?p=10413","title":{"rendered":"Abigeato: declar\u00f3 el abogado Ricardo Osuna y sigue preso"},"content":{"rendered":"\n<figure class=\"wp-block-image size-full\"><img loading=\"lazy\" decoding=\"async\" width=\"728\" height=\"90\" src=\"http:\/\/hdpnoticias.com.ar\/wp-content\/uploads\/2024\/05\/Nachec.gif\" alt=\"\" class=\"wp-image-6814\"\/><\/figure>\n\n\n\n<p>El abogado <strong><a href=\"https:\/\/hdpnoticias.com.ar\/?p=10392\">Ricardo Osuna, detenido el \u00faltimo martes acusado de abigeato<\/a><\/strong>, fue trasladado la tarde de este jueves desde la comisar\u00eda de la Isla del Cerrito, donde est\u00e1 alojado, hasta la sede de las Fiscal\u00edas en Resistencia.<\/p>\n\n\n\n<p>Fue citado a prestar declaraci\u00f3n por la fiscal Noelia Mi\u00f1o, que viaj\u00f3 desde General San Mart\u00edn, asiento de la Fiscal\u00eda de Investigaci\u00f3n Rural y Ambiental.<\/p>\n\n\n\n<p>Aunque no trascendi\u00f3 la versi\u00f3n que el abogado dio ante la funcionaria, se supo que accedi\u00f3 a declarar. Lo hizo acompa\u00f1ado por su defensora: Gabriela Tomljenovi.<\/p>\n\n\n\n<p>Se le imputa abigeato agravado por tratarse de una persona dedicada a la ganader\u00eda, y tambi\u00e9n el entorpecimiento del procedimiento, por intentar liberar animales y evitar el ingreso de los funcionarios policiales y judiciales encargados del allanamiento en el campo que alquila.<\/p>\n\n\n\n<p>En ese lugar fueron halladas 21 vacas que hab\u00edan sido robadas semanas atr\u00e1s a 2 productores de La Leonesa.<\/p>\n\n\n\n<p>Tambi\u00e9n pesaba sobre \u00e9l una denuncia de la Polic\u00eda por presunta privaci\u00f3n ileg\u00edtima de la libertad, por haber puesto candados a las tranqueras mientras los polic\u00edas estaban dentro. Pero se supo que esto fue desestimado.<\/p>\n\n\n\n<p><\/p>\n","protected":false},"excerpt":{"rendered":"<p>El abogado Ricardo Osuna, detenido el \u00faltimo martes acusado de abigeato, fue trasladado la tarde de este jueves desde la comisar\u00eda de la Isla del Cerrito, donde est\u00e1 alojado, hasta la sede de las Fiscal\u00edas en Resistencia. Fue citado a prestar declaraci\u00f3n por la fiscal Noelia Mi\u00f1o, que viaj\u00f3 desde General San Mart\u00edn, asiento de [&hellip;]<\/p>\n","protected":false},"author":1,"featured_media":10414,"comment_status":"open","ping_status":"open","sticky":false,"template":"","format":"standard","meta":{"footnotes":""},"categories":[26],"tags":[700,837,1483,1992,49],"class_list":["post-10413","post","type-post","status-publish","format-standard","has-post-thumbnail","hentry","category-policiales","tag-abigeato","tag-abogado","tag-isla-del-cerrito","tag-osuna","tag-resistencia"],"_links":{"self":[{"href":"https:\/\/hdpnoticias.com.ar\/index.php?rest_route=\/wp\/v2\/posts\/10413","targetHints":{"allow":["GET"]}}],"collection":[{"href":"https:\/\/hdpnoticias.com.ar\/index.php?rest_route=\/wp\/v2\/posts"}],"about":[{"href":"https:\/\/hdpnoticias.com.ar\/index.php?rest_route=\/wp\/v2\/types\/post"}],"author":[{"embeddable":true,"href":"https:\/\/hdpnoticias.com.ar\/index.php?rest_route=\/wp\/v2\/users\/1"}],"replies":[{"embeddable":true,"href":"https:\/\/hdpnoticias.com.ar\/index.php?rest_route=%2Fwp%2Fv2%2Fcomments&post=10413"}],"version-history":[{"count":2,"href":"https:\/\/hdpnoticias.com.ar\/index.php?rest_route=\/wp\/v2\/posts\/10413\/revisions"}],"predecessor-version":[{"id":10416,"href":"https:\/\/hdpnoticias.com.ar\/index.php?rest_route=\/wp\/v2\/posts\/10413\/revisions\/10416"}],"wp:featuredmedia":[{"embeddable":true,"href":"https:\/\/hdpnoticias.com.ar\/index.php?rest_route=\/wp\/v2\/media\/10414"}],"wp:attachment":[{"href":"https:\/\/hdpnoticias.com.ar\/index.php?rest_route=%2Fwp%2Fv2%2Fmedia&parent=10413"}],"wp:term":[{"taxonomy":"category","embeddable":true,"href":"https:\/\/hdpnoticias.com.ar\/index.php?rest_route=%2Fwp%2Fv2%2Fcategories&post=10413"},{"taxonomy":"post_tag","embeddable":true,"href":"https:\/\/hdpnoticias.com.ar\/index.php?rest_route=%2Fwp%2Fv2%2Ftags&post=10413"}],"curies":[{"name":"wp","href":"https:\/\/api.w.org\/{rel}","templated":true}]}}