{"id":10374,"date":"2025-03-01T23:55:00","date_gmt":"2025-03-02T02:55:00","guid":{"rendered":"https:\/\/hdpnoticias.com.ar\/?p=10374"},"modified":"2025-04-07T07:46:04","modified_gmt":"2025-04-07T10:46:04","slug":"milei-en-el-congreso-ya-cumplimos-el-97-de-las-promesas-de-campana","status":"publish","type":"post","link":"https:\/\/hdpnoticias.com.ar\/?p=10374","title":{"rendered":"Milei en el Congreso: Ya cumplimos el 97% de las promesas de campa\u00f1a"},"content":{"rendered":"\n<figure class=\"wp-block-image size-full\"><img loading=\"lazy\" decoding=\"async\" width=\"720\" height=\"90\" src=\"http:\/\/hdpnoticias.com.ar\/wp-content\/uploads\/2024\/05\/Copy-of-720x90-1.gif\" alt=\"\" class=\"wp-image-6806\"\/><\/figure>\n\n\n\n<p>El Presidente de la Naci\u00f3n: Javier Milei, dio ante la Asamblea Legislativa la noche de este s\u00e1bado su discurso de apertura del per\u00edodo de sesiones ordinarias del Congreso.<\/p>\n\n\n\n<p>A lo largo de su alocuci\u00f3n defendi\u00f3 las pol\u00edticas implementadas por su gesti\u00f3n y cuestion\u00f3 todo lo anterior, excepto el gobierno del peronista Carlos Sa\u00fal Menem, al que defini\u00f3 como \u201cel mejorr gobierno de la historia argentina, hasta ahora\u201d, cuando pas\u00f3 a ser el segundo despu\u00e9s del suyo.<\/p>\n\n\n\n<p>En este marco, coment\u00f3 que el vocero presidencial Manuel Adorni hizo un meticuloso relevamiento de las acciones desarrolladas en el primer a\u00f1o de su presidencia y que lleg\u00f3 a la conclusi\u00f3n de que ya hab\u00eda cumplido el 75% de las promesas de campa\u00f1a.<\/p>\n\n\n\n<p>Para Milei, el n\u00famero es mucho mayor, por el tiempo transcurrido desde el cierre de la medici\u00f3n de Adorni, y por la gran cantidad de actos exitosos de su gesti\u00f3n que no estaban en la plataforma pero que resolvieron hist\u00f3ricos de los argentinos. En total, estima que ya super\u00f3 el 97% de sus promesas.<\/p>\n\n\n\n<p>En varios momentos ponder\u00f3 la figura del ministro de Econom\u00eda: Luis \u201cToto\u201d Caputo, al que llam\u00f3 \u201ccoloso\u201d y \u201cel mejor ministro de Econom\u00eda del mundo\u201d, principalmente por haber logrado el equilibrio fiscal en tiempo r\u00e9cord y ahora el super\u00e1vit.<\/p>\n\n\n\n<p>Entre los pasos claves para alcanzar ese resultado, se\u00f1al\u00f3 la eliminaci\u00f3n del Inadi, el Ministerio de la Mujer, el Incaa, entre otras dependencias estatales que defini\u00f3 como \u201cin\u00fatiles\u201d. \u201cEliminamos la obra p\u00fablica que era uno de los curros m\u00e1s grandes de la pol\u00edtica\u201d, remarc\u00f3. Y dijo que seguir\u00e1n los recortes para sostener el equilibrio fiscal.<\/p>\n\n\n\n<p>Con ese objetivo, anunci\u00f3 que avanzar\u00e1 con las privatizaciones con el respaldo del Congreso o sin \u00e9l: \u201cVamos a privatizar todas las empresas del Estado, porque el Estado no est\u00e1 para remplazar al empresario\u201d, sentenci\u00f3.<\/p>\n\n\n\n<p>Por este camino, asever\u00f3 que \u201cArgentina pas\u00f3 de ser el peor alumno de la clase a ser el abanderado, y hoy es uno de los 5 pa\u00edses del mundo con super\u00e1vit financiero\u201d. Pero admiti\u00f3 que \u201cesto no significa que no haya volatilidad, porque todo plan tiene altos y bajos\u201d.<\/p>\n\n\n\n<p>Al final, lanz\u00f3 una suerte de convocatoria a revalidar el Pacto de Mayo del que pr\u00e1cticamente no se habl\u00f3 despu\u00e9s de su firma en julio de 2024 en Tucum\u00e1n. Lo hizo convocando a los diputados y senadores a \u201csumarse a las ideas de la libertad y respaldar las propuestas del Gobierno\u201d, y consider\u00f3 que no hacerlo significa que est\u00e1n en contra del progreso de la Patria.<\/p>\n","protected":false},"excerpt":{"rendered":"<p>El Presidente de la Naci\u00f3n: Javier Milei, dio ante la Asamblea Legislativa la noche de este s\u00e1bado su discurso de apertura del per\u00edodo de sesiones ordinarias del Congreso. A lo largo de su alocuci\u00f3n defendi\u00f3 las pol\u00edticas implementadas por su gesti\u00f3n y cuestion\u00f3 todo lo anterior, excepto el gobierno del peronista Carlos Sa\u00fal Menem, al [&hellip;]<\/p>\n","protected":false},"author":1,"featured_media":10375,"comment_status":"open","ping_status":"open","sticky":false,"template":"","format":"standard","meta":{"footnotes":""},"categories":[27],"tags":[4658,3007,251,3611,1258,1319,292],"class_list":["post-10374","post","type-post","status-publish","format-standard","has-post-thumbnail","hentry","category-politica","tag-adorni","tag-caputo","tag-congreso","tag-deficit","tag-fiscal","tag-milei","tag-privatizaciones"],"_links":{"self":[{"href":"https:\/\/hdpnoticias.com.ar\/index.php?rest_route=\/wp\/v2\/posts\/10374","targetHints":{"allow":["GET"]}}],"collection":[{"href":"https:\/\/hdpnoticias.com.ar\/index.php?rest_route=\/wp\/v2\/posts"}],"about":[{"href":"https:\/\/hdpnoticias.com.ar\/index.php?rest_route=\/wp\/v2\/types\/post"}],"author":[{"embeddable":true,"href":"https:\/\/hdpnoticias.com.ar\/index.php?rest_route=\/wp\/v2\/users\/1"}],"replies":[{"embeddable":true,"href":"https:\/\/hdpnoticias.com.ar\/index.php?rest_route=%2Fwp%2Fv2%2Fcomments&post=10374"}],"version-history":[{"count":1,"href":"https:\/\/hdpnoticias.com.ar\/index.php?rest_route=\/wp\/v2\/posts\/10374\/revisions"}],"predecessor-version":[{"id":10376,"href":"https:\/\/hdpnoticias.com.ar\/index.php?rest_route=\/wp\/v2\/posts\/10374\/revisions\/10376"}],"wp:featuredmedia":[{"embeddable":true,"href":"https:\/\/hdpnoticias.com.ar\/index.php?rest_route=\/wp\/v2\/media\/10375"}],"wp:attachment":[{"href":"https:\/\/hdpnoticias.com.ar\/index.php?rest_route=%2Fwp%2Fv2%2Fmedia&parent=10374"}],"wp:term":[{"taxonomy":"category","embeddable":true,"href":"https:\/\/hdpnoticias.com.ar\/index.php?rest_route=%2Fwp%2Fv2%2Fcategories&post=10374"},{"taxonomy":"post_tag","embeddable":true,"href":"https:\/\/hdpnoticias.com.ar\/index.php?rest_route=%2Fwp%2Fv2%2Ftags&post=10374"}],"curies":[{"name":"wp","href":"https:\/\/api.w.org\/{rel}","templated":true}]}}