{"id":10365,"date":"2025-03-01T14:54:45","date_gmt":"2025-03-01T17:54:45","guid":{"rendered":"https:\/\/hdpnoticias.com.ar\/?p=10365"},"modified":"2025-04-07T07:41:48","modified_gmt":"2025-04-07T10:41:48","slug":"zdero-abrio-el-ano-legislativo-estamos-reconstruyendo-una-provincia-que-dejaron-en-ruinas","status":"publish","type":"post","link":"https:\/\/hdpnoticias.com.ar\/?p=10365","title":{"rendered":"Zdero abri\u00f3 el a\u00f1o legislativo: Estamos reconstruyendo una provincia que dejaron en ruinas"},"content":{"rendered":"\n<figure class=\"wp-block-image size-full\"><img loading=\"lazy\" decoding=\"async\" width=\"728\" height=\"90\" src=\"http:\/\/hdpnoticias.com.ar\/wp-content\/uploads\/2024\/05\/Nachec.gif\" alt=\"\" class=\"wp-image-6814\"\/><\/figure>\n\n\n\n<p>El gobernador Leandro Zdero inaugur\u00f3 este s\u00e1bado el 57\u00b0 per\u00edodo de sesiones ordinarias de la C\u00e1mara de Diputados del Chaco con un discurso en el que expuso la situaci\u00f3n en que recibi\u00f3 la provincia en diciembre de 2023, las medidas adoptadas para encaminar la gesti\u00f3n y su plan para alcanzar objetivos propuestos en lo inmediato como a largo plazo.<\/p>\n\n\n\n<p>En el inicio record\u00f3 que un a\u00f1o atr\u00e1s, en id\u00e9ntica circunstancia, hab\u00eda descripto a grandes rasgos la situaci\u00f3n del Estado sobre la que hab\u00eda podido echar luz en los menos de 3 meses que llevaba de gesti\u00f3n. \u201cNo se imaginan con lo que nos hemos topado desde entonces, fue una pesadilla que no imaginamos ni en nuestros peores sue\u00f1os\u201d, grafic\u00f3.<\/p>\n\n\n\n<p>Econ\u00f3mica y financieramente, apunt\u00f3 a la deuda heredada, contra\u00edda durante el gobierno de Domingo Peppo, que Jorge Capitanich \u201cpate\u00f3 para adelante\u201d traslad\u00e1ndole la responsabilidad a la gesti\u00f3n siguiente. Y para dimensionar, estim\u00f3 que \u201cla deuda equivale a un a\u00f1o de luz gratis para todos los chaque\u00f1os\u201d.<\/p>\n\n\n\n<p>En tramo referido a Salud, record\u00f3 que encontraron dep\u00f3sitos colmados de medicamentos e insumos vencidos; deudas con los proveedores; las licitaciones para la adquisici\u00f3n de remedios suspendidas, incluidas las de drogas oncol\u00f3gicas, y dijo estar convencido de que \u201clo hicieron exprofeso, una actitud criminal\u201d. Y asever\u00f3 que esta situaci\u00f3n, como la precarizaci\u00f3n y falta de personal, se est\u00e1n resolviendo.<\/p>\n\n\n\n<p>Educaci\u00f3n, seg\u00fan su describi\u00f3, no escapaba al descontrol que abarcaba deficiencias en infraestructura, falta de elementos y \u00fatiles, hasta los p\u00e9simos resultados acad\u00e9micos. Y contrast\u00f3 esto con la definici\u00f3n de inversiones y el restablecimiento de los criterios de evaluaci\u00f3n en todos los niveles. Finalmente confi\u00f3 en que Chaco saldr\u00e1 del \u00faltimo lugar que ocupa desde hace a\u00f1os en materia de calidad educativa.<\/p>\n\n\n\n<p>Al hablar de Seguridad, remarc\u00f3 la reapertura de la Escuela de Polic\u00eda y la incorporaci\u00f3n de nuevos agentes, suspendida durante el gobierno anterior, la compra de patrulleros, armas y chalecos bal\u00edsticos, entre pertrechos y equipamiento fundamental para las fuerzas. Prometi\u00f3 que su gesti\u00f3n no cejar\u00e1 frente a la delincuencia en todos los \u00e1mbitos, y subray\u00f3 el combate al narcotr\u00e1fico.<\/p>\n\n\n\n<p>En el mismo tono, anunci\u00f3 que el pr\u00f3ximo 5 de marzo se implementar\u00e1 con el mayor rigor la ley que proh\u00edbe la tenencia de tel\u00e9fonos celulares y otros dispositivos m\u00f3viles a detenidos en comisar\u00edas y c\u00e1rceles provinciales.<\/p>\n\n\n\n<p>Entre otros aspectos, consider\u00f3 como uno de los primeros y m\u00e1s firmes avances de su gobierno la eliminaci\u00f3n de los piquetes de movimientos sociales en las calles y rutas. Para \u00e9l, su antecesor nunca pudo lograrlo porque, adem\u00e1s de no tener voluntad pol\u00edtica, era socio los piqueteros, \u201cconnivencia que gener\u00f3 el caos y la anarqu\u00eda que ten\u00eda de rehenes a todos los chaque\u00f1os\u201d.<\/p>\n\n\n\n<p>Paralelamente, celebr\u00f3 que \u201cChaco es la \u00fanica provincia que elimin\u00f3 por ley a los intermediarios\u201d en la distribuci\u00f3n de asistencia social. \u201cSe terminaron los gerentes de la pobreza. El Estado tiene una responsabilidad y la est\u00e1 cumpliendo\u201d, dijo, refiri\u00e9ndose al alcance del plan \u00d1achec y a la eliminaci\u00f3n del Instituto de Agricultura Familiar y Econom\u00eda Popular creado por Capitanich, que defini\u00f3 como un \u201cmonumento a la corrupci\u00f3n\u201d, sobre el que pesan m\u00faltiples denuncias, causas en las que ya est\u00e1 detenido su \u00faltimo presidente: Mauricio Andi\u00f3n.<\/p>\n\n\n\n<p>\u201cDec\u00edan que no lo podr\u00eda hacer porque era un \u201ctibio\u201d. Bueno, lo hice\u201d, fue una de sus conclusiones a lo largo de algo m\u00e1s de una hora y media que dur\u00f3 su exposici\u00f3n y el contacto que mantuvo con la prensa en la puerta de la Legislatura.<\/p>\n","protected":false},"excerpt":{"rendered":"<p>El gobernador Leandro Zdero inaugur\u00f3 este s\u00e1bado el 57\u00b0 per\u00edodo de sesiones ordinarias de la C\u00e1mara de Diputados del Chaco con un discurso en el que expuso la situaci\u00f3n en que recibi\u00f3 la provincia en diciembre de 2023, las medidas adoptadas para encaminar la gesti\u00f3n y su plan para alcanzar objetivos propuestos en lo inmediato [&hellip;]<\/p>\n","protected":false},"author":1,"featured_media":10366,"comment_status":"open","ping_status":"open","sticky":false,"template":"","format":"standard","meta":{"footnotes":""},"categories":[27],"tags":[29,37,291,45,265,921],"class_list":["post-10365","post","type-post","status-publish","format-standard","has-post-thumbnail","hentry","category-politica","tag-capitanich","tag-chaco","tag-corrupcion","tag-legislatura","tag-piqueteros","tag-zdero"],"_links":{"self":[{"href":"https:\/\/hdpnoticias.com.ar\/index.php?rest_route=\/wp\/v2\/posts\/10365","targetHints":{"allow":["GET"]}}],"collection":[{"href":"https:\/\/hdpnoticias.com.ar\/index.php?rest_route=\/wp\/v2\/posts"}],"about":[{"href":"https:\/\/hdpnoticias.com.ar\/index.php?rest_route=\/wp\/v2\/types\/post"}],"author":[{"embeddable":true,"href":"https:\/\/hdpnoticias.com.ar\/index.php?rest_route=\/wp\/v2\/users\/1"}],"replies":[{"embeddable":true,"href":"https:\/\/hdpnoticias.com.ar\/index.php?rest_route=%2Fwp%2Fv2%2Fcomments&post=10365"}],"version-history":[{"count":1,"href":"https:\/\/hdpnoticias.com.ar\/index.php?rest_route=\/wp\/v2\/posts\/10365\/revisions"}],"predecessor-version":[{"id":10367,"href":"https:\/\/hdpnoticias.com.ar\/index.php?rest_route=\/wp\/v2\/posts\/10365\/revisions\/10367"}],"wp:featuredmedia":[{"embeddable":true,"href":"https:\/\/hdpnoticias.com.ar\/index.php?rest_route=\/wp\/v2\/media\/10366"}],"wp:attachment":[{"href":"https:\/\/hdpnoticias.com.ar\/index.php?rest_route=%2Fwp%2Fv2%2Fmedia&parent=10365"}],"wp:term":[{"taxonomy":"category","embeddable":true,"href":"https:\/\/hdpnoticias.com.ar\/index.php?rest_route=%2Fwp%2Fv2%2Fcategories&post=10365"},{"taxonomy":"post_tag","embeddable":true,"href":"https:\/\/hdpnoticias.com.ar\/index.php?rest_route=%2Fwp%2Fv2%2Ftags&post=10365"}],"curies":[{"name":"wp","href":"https:\/\/api.w.org\/{rel}","templated":true}]}}