{"id":10362,"date":"2025-02-28T22:14:12","date_gmt":"2025-03-01T01:14:12","guid":{"rendered":"https:\/\/hdpnoticias.com.ar\/?p=10362"},"modified":"2025-03-06T09:56:15","modified_gmt":"2025-03-06T12:56:15","slug":"capitanich-molesto-con-las-criticas-juan-carlos-ayala-esta-ahi-porque-yo-lo-puse-a-dedo","status":"publish","type":"post","link":"https:\/\/hdpnoticias.com.ar\/?p=10362","title":{"rendered":"Capitanich molesto con las cr\u00edticas: Juan Carlos Ayala est\u00e1 ah\u00ed porque yo lo puse a dedo"},"content":{"rendered":"\n<figure class=\"wp-block-image size-full\"><img loading=\"lazy\" decoding=\"async\" width=\"720\" height=\"90\" src=\"http:\/\/hdpnoticias.com.ar\/wp-content\/uploads\/2024\/05\/Copy-of-720x90-1.gif\" alt=\"\" class=\"wp-image-6806\"\/><\/figure>\n\n\n\n<p>El exgobernador Jorge Capitanich, presidente del Partido Justicialista, retom\u00f3 la actividad pol\u00edtica despu\u00e9s de un silencio de 2 meses que dedic\u00f3 al solaz y vacacionar por Europa. \u00cdnterin, vencieron los plazos para el llamado a elecciones internas para conformar listas de candidatos, y el Consejo Provincial, en su ausencia, prorrog\u00f3 los mandatos de las autoridades partidarias posponiendo las elecciones para noviembre.<\/p>\n\n\n\n<p>En el discurso que dio el jueves en Barranqueras y ante la prensa en Las Bre\u00f1as, aprovech\u00f3 para descalificar al gobernador Leandro Zdero, al que llam\u00f3 \u201ccobarde\u201d, y cuestionar la gesti\u00f3n provincial en todos los aspectos, adem\u00e1s de intentar nuevamente <strong><a href=\"https:\/\/hdpnoticias.com.ar\/?p=10354\">despegarse de sus aliados piqueteros<\/a><\/strong>.<\/p>\n\n\n\n<p>Pero tambi\u00e9n dispar\u00f3 contra sus propios partidarios que decidieron hacerle frente y reclamaban elecciones internas.<\/p>\n\n\n\n<p>Aunque enfatiza en que est\u00e1 \u201cabierto al di\u00e1logo con todos\u201d, condicion\u00f3 esa apertura: \u201cUnidad para la traici\u00f3n, no, porque no vamos a hacer una lista para que despu\u00e9s de asumir los diputados se vayan con el gobierno\u201d. Esto, en obvia alusi\u00f3n al bloque de la Corriente de Expresi\u00f3n Renovada que lidera Gustavo Mart\u00ednez, al que defini\u00f3 insistentemente como \u201caliado de Zdero\u201d.<\/p>\n\n\n\n<p>Y tuvo una especial dedicatoria para el diputado provincial Juan Carlos Ayala, uno de sus principales detractores internos: \u201cYo lo conozco hace 41 a\u00f1os y jam\u00e1s gan\u00f3 una elecci\u00f3n, y es diputado gracias a que yo lo puse a dedo\u201d, dijo, y complet\u00f3: \u201cEse dedo que \u00e9l tanto critica\u201d.<\/p>\n\n\n\n<p>\u201cC\u00f3mo me gustar\u00eda que alg\u00fan d\u00eda gane una elecci\u00f3n, c\u00f3mo voy a festejar, porque as\u00ed va a tener autoridad para decir algo\u201d, ironiz\u00f3, y reiter\u00f3 que hasta ahora \u201cs\u00f3lo gan\u00f3 algo cuando lo pusieron a dedo\u201d.<\/p>\n\n\n\n<p>La reacci\u00f3n de Capitanich est\u00e1 motivada en las quejas que el legislador, junto a otros integrantes del bloque del Frente Chaque\u00f1o e intendentes, levantan por sus prolongadas ausencias y la falta de actividad pol\u00edtica del PJ despu\u00e9s de su derrota en primera vuelta, m\u00e1s la falta de autocr\u00edtica y su decisi\u00f3n de no llamar a elecciones internas.<\/p>\n","protected":false},"excerpt":{"rendered":"<p>El exgobernador Jorge Capitanich, presidente del Partido Justicialista, retom\u00f3 la actividad pol\u00edtica despu\u00e9s de un silencio de 2 meses que dedic\u00f3 al solaz y vacacionar por Europa. \u00cdnterin, vencieron los plazos para el llamado a elecciones internas para conformar listas de candidatos, y el Consejo Provincial, en su ausencia, prorrog\u00f3 los mandatos de las autoridades [&hellip;]<\/p>\n","protected":false},"author":1,"featured_media":8192,"comment_status":"open","ping_status":"open","sticky":false,"template":"","format":"standard","meta":{"footnotes":""},"categories":[27],"tags":[392,53,29,37,246,247,388,248,4656,921],"class_list":["post-10362","post","type-post","status-publish","format-standard","has-post-thumbnail","hentry","category-politica","tag-ayala","tag-barranqueras","tag-capitanich","tag-chaco","tag-elecciones","tag-internas","tag-las-brenas","tag-pj","tag-politica","tag-zdero"],"_links":{"self":[{"href":"https:\/\/hdpnoticias.com.ar\/index.php?rest_route=\/wp\/v2\/posts\/10362","targetHints":{"allow":["GET"]}}],"collection":[{"href":"https:\/\/hdpnoticias.com.ar\/index.php?rest_route=\/wp\/v2\/posts"}],"about":[{"href":"https:\/\/hdpnoticias.com.ar\/index.php?rest_route=\/wp\/v2\/types\/post"}],"author":[{"embeddable":true,"href":"https:\/\/hdpnoticias.com.ar\/index.php?rest_route=\/wp\/v2\/users\/1"}],"replies":[{"embeddable":true,"href":"https:\/\/hdpnoticias.com.ar\/index.php?rest_route=%2Fwp%2Fv2%2Fcomments&post=10362"}],"version-history":[{"count":1,"href":"https:\/\/hdpnoticias.com.ar\/index.php?rest_route=\/wp\/v2\/posts\/10362\/revisions"}],"predecessor-version":[{"id":10363,"href":"https:\/\/hdpnoticias.com.ar\/index.php?rest_route=\/wp\/v2\/posts\/10362\/revisions\/10363"}],"wp:featuredmedia":[{"embeddable":true,"href":"https:\/\/hdpnoticias.com.ar\/index.php?rest_route=\/wp\/v2\/media\/8192"}],"wp:attachment":[{"href":"https:\/\/hdpnoticias.com.ar\/index.php?rest_route=%2Fwp%2Fv2%2Fmedia&parent=10362"}],"wp:term":[{"taxonomy":"category","embeddable":true,"href":"https:\/\/hdpnoticias.com.ar\/index.php?rest_route=%2Fwp%2Fv2%2Fcategories&post=10362"},{"taxonomy":"post_tag","embeddable":true,"href":"https:\/\/hdpnoticias.com.ar\/index.php?rest_route=%2Fwp%2Fv2%2Ftags&post=10362"}],"curies":[{"name":"wp","href":"https:\/\/api.w.org\/{rel}","templated":true}]}}