{"id":10354,"date":"2025-02-28T12:18:22","date_gmt":"2025-02-28T15:18:22","guid":{"rendered":"https:\/\/hdpnoticias.com.ar\/?p=10354"},"modified":"2025-02-28T12:26:23","modified_gmt":"2025-02-28T15:26:23","slug":"video-capitanich-insiste-en-despegarse-de-los-piqueteros-que-abundaban-en-su-gestion","status":"publish","type":"post","link":"https:\/\/hdpnoticias.com.ar\/?p=10354","title":{"rendered":"VIDEO | Capitanich insiste en despegarse de los piqueteros que abundaban en su gesti\u00f3n"},"content":{"rendered":"\n<figure class=\"wp-block-image size-full\"><img loading=\"lazy\" decoding=\"async\" width=\"728\" height=\"90\" src=\"http:\/\/hdpnoticias.com.ar\/wp-content\/uploads\/2024\/05\/Nachec.gif\" alt=\"\" class=\"wp-image-6814\"\/><\/figure>\n\n\n\n<p>El exgobernador Jorge Capitanich, presidente del Partido Justicialista, encabez\u00f3 un acto en un sal\u00f3n de eventos de la zona sur de Barranqueras, donde dio su primer discurso de campa\u00f1a hacia las elecciones legislativas del 11 de mayo.<\/p>\n\n\n\n<p>Adem\u00e1s de criticar la gesti\u00f3n del gobernador Leandro Zdero, a quien llam\u00f3 \u201ctimorato, cobarde\u201d, insisti\u00f3 en tomar distancia de los movimientos piqueteros que caracterizaron a su gobierno, la mayor\u00eda de ellos aliados del Frente Chaco Merece M\u00e1s y el Frente Chaque\u00f1o que \u00e9l lider\u00f3.<\/p>\n\n\n\n<p>\u201cMe acuerdo\u2026 me acuerdo que hab\u00eda unos movimientos espectaculares que hac\u00edan protestas, que hoy no se ven\u201d, dijo con un dejo de iron\u00eda, y acentuando su histrionismo, especul\u00f3: \u201cQue raro, que raro eh, que en determinados momentos esos mismos que hoy no protestan\u2026&nbsp; \u00bfpor qu\u00e9 protestaban? capaz que protestaban porque alguien los incentivaba\u201d.<\/p>\n\n\n\n<p>As\u00ed Capitanich insisti\u00f3 en su hip\u00f3tesis sobre la motivaci\u00f3n de los movimientos piqueteros surgieron impulsados por la oposici\u00f3n, a pesar de que muchos de los principales referentes de las organizaciones sociales eran muy allegados a \u00e9l e incluso integraron las listas de candidatos del frente oficialista en las \u00faltimas elecciones, entre ellos <strong><a href=\"https:\/\/hdpnoticias.com.ar\/?p=2746\">Emerenciano Sena, Marcela Acu\u00f1a<\/a><\/strong> y <strong><a href=\"https:\/\/hdpnoticias.com.ar\/?p=9529\">Quint\u00edn G\u00f3mez<\/a><\/strong>.<\/p>\n\n\n\n<p>Sin embargo, antes de lanzar el planteo, <strong><a href=\"https:\/\/hdpnoticias.com.ar\/?p=8194\">hab\u00eda felicitado a Zdero al destacar sus pol\u00edticas en la materia, que le permitieron ponerle fin no s\u00f3lo a los piquetes, sino al v\u00ednculo del Gobierno con los \u201cintermediarios\u201d <\/a><\/strong>en la <strong><a href=\"https:\/\/hdpnoticias.com.ar\/?p=7640\">distribuci\u00f3n de la asistencia social.<\/a><\/strong> En ese momento reconoci\u00f3 que el \u201chartazgo de la sociedad\u201d con los piquetes, hab\u00eda sido uno de los factores de mayor incidencia en su derrota.<\/p>\n\n\n\n<p>En ese marco, <strong><a href=\"https:\/\/hdpnoticias.com.ar\/?p=8943\">hab\u00eda alentado la vuelta de las protestas en las calles<\/a><\/strong> por considerar que &#8220;todos los indicadores empeoraron&#8221;.<\/p>\n\n\n\n<iframe loading=\"lazy\" src=\"https:\/\/www.facebook.com\/plugins\/video.php?height=476&#038;href=https%3A%2F%2Fwww.facebook.com%2Fhdpchaco%2Fvideos%2F2688344648028825%2F&#038;show_text=false&#038;width=267&#038;t=0\" width=\"267\" height=\"476\" style=\"border:none;overflow:hidden\" scrolling=\"no\" frameborder=\"0\" allowfullscreen=\"true\" allow=\"autoplay; clipboard-write; encrypted-media; picture-in-picture; web-share\" allowFullScreen=\"true\"><\/iframe>\n\n\n\n<p><\/p>\n","protected":false},"excerpt":{"rendered":"<p>El exgobernador Jorge Capitanich, presidente del Partido Justicialista, encabez\u00f3 un acto en un sal\u00f3n de eventos de la zona sur de Barranqueras, donde dio su primer discurso de campa\u00f1a hacia las elecciones legislativas del 11 de mayo. Adem\u00e1s de criticar la gesti\u00f3n del gobernador Leandro Zdero, a quien llam\u00f3 \u201ctimorato, cobarde\u201d, insisti\u00f3 en tomar distancia [&hellip;]<\/p>\n","protected":false},"author":1,"featured_media":10355,"comment_status":"open","ping_status":"open","sticky":false,"template":"","format":"standard","meta":{"footnotes":""},"categories":[27],"tags":[53,29,1947,1787,4655,794,798,921],"class_list":["post-10354","post","type-post","status-publish","format-standard","has-post-thumbnail","hentry","category-politica","tag-barranqueras","tag-capitanich","tag-emerrenciano","tag-marcela","tag-pieuqeteros","tag-quintin","tag-sena","tag-zdero"],"_links":{"self":[{"href":"https:\/\/hdpnoticias.com.ar\/index.php?rest_route=\/wp\/v2\/posts\/10354","targetHints":{"allow":["GET"]}}],"collection":[{"href":"https:\/\/hdpnoticias.com.ar\/index.php?rest_route=\/wp\/v2\/posts"}],"about":[{"href":"https:\/\/hdpnoticias.com.ar\/index.php?rest_route=\/wp\/v2\/types\/post"}],"author":[{"embeddable":true,"href":"https:\/\/hdpnoticias.com.ar\/index.php?rest_route=\/wp\/v2\/users\/1"}],"replies":[{"embeddable":true,"href":"https:\/\/hdpnoticias.com.ar\/index.php?rest_route=%2Fwp%2Fv2%2Fcomments&post=10354"}],"version-history":[{"count":3,"href":"https:\/\/hdpnoticias.com.ar\/index.php?rest_route=\/wp\/v2\/posts\/10354\/revisions"}],"predecessor-version":[{"id":10359,"href":"https:\/\/hdpnoticias.com.ar\/index.php?rest_route=\/wp\/v2\/posts\/10354\/revisions\/10359"}],"wp:featuredmedia":[{"embeddable":true,"href":"https:\/\/hdpnoticias.com.ar\/index.php?rest_route=\/wp\/v2\/media\/10355"}],"wp:attachment":[{"href":"https:\/\/hdpnoticias.com.ar\/index.php?rest_route=%2Fwp%2Fv2%2Fmedia&parent=10354"}],"wp:term":[{"taxonomy":"category","embeddable":true,"href":"https:\/\/hdpnoticias.com.ar\/index.php?rest_route=%2Fwp%2Fv2%2Fcategories&post=10354"},{"taxonomy":"post_tag","embeddable":true,"href":"https:\/\/hdpnoticias.com.ar\/index.php?rest_route=%2Fwp%2Fv2%2Ftags&post=10354"}],"curies":[{"name":"wp","href":"https:\/\/api.w.org\/{rel}","templated":true}]}}