{"id":1034,"date":"2023-02-28T14:51:50","date_gmt":"2023-02-28T17:51:50","guid":{"rendered":"http:\/\/hdpnoticias.com.ar\/?p=1034"},"modified":"2023-03-10T09:01:19","modified_gmt":"2023-03-10T12:01:19","slug":"se-quejan-de-llenos-alberto-dice-que-los-docentes-la-juntan-con-pala","status":"publish","type":"post","link":"https:\/\/hdpnoticias.com.ar\/?p=1034","title":{"rendered":"Se quejan de llenos: Alberto dice que los docentes la juntan con pala"},"content":{"rendered":"\n<p>El Presidente de la Naci\u00f3n: Alberto Fern\u00e1ndez volvi\u00f3 a destacarse a la hora de los discursos en un acto junto al gobernador Jorge Capitanich en Basail.<\/p>\n\n\n\n<p>Ambos se adjudicaron el edificio de una escuela secundaria, y juraron que la educaci\u00f3n es prioritaria en sus gestiones, aunque la obra fue financiada con fondos internacionales: 215,8 millones de pesos del Fonplata.<\/p>\n\n\n\n<p>Pero la nota del d\u00eda fue una frase del Presidente: \u201cCuando llegamos al gobierno los docentes estaban preocupados por la ca\u00edda del salario, y ahora les preocupa no pagar Ganancias\u201d, dijo. Ergo, cobran m\u00e1s de 404.062 pesitos.<\/p>\n\n\n\n<p>Inmediatamente los maestros pidieron a Capitanich que no se zarpe con los aumentos salariales porque se les va a ir todo en impuestos.<\/p>\n","protected":false},"excerpt":{"rendered":"<p>El Presidente de la Naci\u00f3n: Alberto Fern\u00e1ndez volvi\u00f3 a destacarse a la hora de los discursos en un acto junto al gobernador Jorge Capitanich en Basail. Ambos se adjudicaron el edificio de una escuela secundaria, y juraron que la educaci\u00f3n es prioritaria en sus gestiones, aunque la obra fue financiada con fondos internacionales: 215,8 millones [&hellip;]<\/p>\n","protected":false},"author":1,"featured_media":1035,"comment_status":"open","ping_status":"open","sticky":false,"template":"","format":"standard","meta":{"footnotes":""},"categories":[1],"tags":[68,691,29,37,757,758,477,504],"class_list":["post-1034","post","type-post","status-publish","format-standard","has-post-thumbnail","hentry","category-pescado-podrido","tag-alberto","tag-basail","tag-capitanich","tag-chaco","tag-docents","tag-fonplata","tag-ganancias","tag-salarios"],"_links":{"self":[{"href":"https:\/\/hdpnoticias.com.ar\/index.php?rest_route=\/wp\/v2\/posts\/1034","targetHints":{"allow":["GET"]}}],"collection":[{"href":"https:\/\/hdpnoticias.com.ar\/index.php?rest_route=\/wp\/v2\/posts"}],"about":[{"href":"https:\/\/hdpnoticias.com.ar\/index.php?rest_route=\/wp\/v2\/types\/post"}],"author":[{"embeddable":true,"href":"https:\/\/hdpnoticias.com.ar\/index.php?rest_route=\/wp\/v2\/users\/1"}],"replies":[{"embeddable":true,"href":"https:\/\/hdpnoticias.com.ar\/index.php?rest_route=%2Fwp%2Fv2%2Fcomments&post=1034"}],"version-history":[{"count":3,"href":"https:\/\/hdpnoticias.com.ar\/index.php?rest_route=\/wp\/v2\/posts\/1034\/revisions"}],"predecessor-version":[{"id":1201,"href":"https:\/\/hdpnoticias.com.ar\/index.php?rest_route=\/wp\/v2\/posts\/1034\/revisions\/1201"}],"wp:featuredmedia":[{"embeddable":true,"href":"https:\/\/hdpnoticias.com.ar\/index.php?rest_route=\/wp\/v2\/media\/1035"}],"wp:attachment":[{"href":"https:\/\/hdpnoticias.com.ar\/index.php?rest_route=%2Fwp%2Fv2%2Fmedia&parent=1034"}],"wp:term":[{"taxonomy":"category","embeddable":true,"href":"https:\/\/hdpnoticias.com.ar\/index.php?rest_route=%2Fwp%2Fv2%2Fcategories&post=1034"},{"taxonomy":"post_tag","embeddable":true,"href":"https:\/\/hdpnoticias.com.ar\/index.php?rest_route=%2Fwp%2Fv2%2Ftags&post=1034"}],"curies":[{"name":"wp","href":"https:\/\/api.w.org\/{rel}","templated":true}]}}