{"id":10334,"date":"2025-02-25T21:28:47","date_gmt":"2025-02-26T00:28:47","guid":{"rendered":"https:\/\/hdpnoticias.com.ar\/?p=10334"},"modified":"2025-03-06T09:49:09","modified_gmt":"2025-03-06T12:49:09","slug":"aparecio-capitanich-la-gente-se-canso-de-nosotros-y-voto-a-zdero-para-castigarnos","status":"publish","type":"post","link":"https:\/\/hdpnoticias.com.ar\/?p=10334","title":{"rendered":"Apareci\u00f3 Capitanich: La gente se cans\u00f3 de nosotros y vot\u00f3 a Zdero para castigarnos"},"content":{"rendered":"\n<figure class=\"wp-block-image size-full\"><img loading=\"lazy\" decoding=\"async\" width=\"720\" height=\"90\" src=\"http:\/\/hdpnoticias.com.ar\/wp-content\/uploads\/2024\/05\/Obras-Publicas.gif\" alt=\"\" class=\"wp-image-6818\"\/><\/figure>\n\n\n\n<p>El exgobernador Jorge Capitanich y presidente del Consejo Provincial del Partido Justicialista, reapareci\u00f3 despu\u00e9s de un profundo ostracismo en el que se aventaron m\u00faltiples corrillos, la mayor\u00eda de los cuales lo ubicaban de vacaciones en Europa.<\/p>\n\n\n\n<p>Durante su ausencia <strong><a href=\"https:\/\/hdpnoticias.com.ar\/?p=10202\">vencieron los plazos para la convocatoria a elecciones internas<\/a><\/strong> para definir candidatos a diputados provinciales, tan reclamadas por varios sectores del Justicialismo. Y se pospusieron los mandatos de las autoridades partidarias posponiendo las elecciones para fin de a\u00f1o.<\/p>\n\n\n\n<p>A mediados de diciembre, en uno de sus \u00faltimos contactos con la prensa, aunque sin entrar al terreno de la autocr\u00edtica, hab\u00eda evaluado la derrota en primera vuelta frente al radical Leandro Zdero en 2023: <strong><a href=\"https:\/\/hdpnoticias.com.ar\/?p=9658\">\u201cLa gente se aburri\u00f3 del \u00e9xito de nuestro gobierno y vot\u00f3 a Zdero\u201d<\/a><\/strong>.<\/p>\n\n\n\n<p>Seg\u00fan \u00e9l, las gestiones que se prolongan en el tiempo sufren un desgaste que puede derivar en una derrota electoral a\u00fan cuando su balance sea altamente exitoso, como \u00e9l mismo describe la suya.<\/p>\n\n\n\n<p>Ahora, ya mirando en las elecciones legislativas del 11 de mayo, insisti\u00f3 en el argumento: \u201cLa gente se cans\u00f3 de nosotros y lo us\u00f3 como alternativa para castigarnos\u201d, dijo, entrevistado por Christian Ram\u00edrez en El Observador, por Radio Independencia.<\/p>\n\n\n\n<p>Para Capitanich, no hay m\u00e1s explicaciones, ya que, seg\u00fan su entender, la gente sab\u00eda lo que le deparaba si la oposici\u00f3n se convert\u00eda en oficialismo, ya que \u201cdurante toda su vida nunca trabajaron, por qu\u00e9 se van a preocupar ahora\u201d. Por lo que considera que \u201chay que darle tiempo al tiempo\u201d, y que en alg\u00fan momento el electorado le levantar\u00e1 la sanci\u00f3n.<\/p>\n\n\n\n<p>Unidad para la traici\u00f3n<\/p>\n\n\n\n<p>En lo estrictamente electoral, descart\u00f3 ser candidato al aseverar que ya cumpli\u00f3 una etapa tanto en la pol\u00edtica provincial como a nivel nacional. En cambio, prefiere definir acabadamente el perfil de los candidatos porque considera que el resultado de este a\u00f1o es clave para las gubernamentales de 2027.<\/p>\n\n\n\n<p>Admiti\u00f3 que la unidad del peronismo podr\u00eda posicionarlo con mejores chances, pero puso condiciones a un potencial acuerdo con otros referentes como Gustavo Mart\u00ednez, Domingo Peppo y Juan Carlos Bacileff Ivanoff.<\/p>\n\n\n\n<p>\u201cUnidad para la traici\u00f3n, no\u201d, dijo. \u201cSe necesitan diputados que efectivamente tengan lealtad a un proyecto electoral y compromiso de control y fiscalizaci\u00f3n de la gesti\u00f3n de gobierno\u201d, defini\u00f3, tomando distancia, t\u00e1citamente, del bloque CER en la Legislatura, que responde a Mart\u00ednez, al que en reiteradas oportunidades calific\u00f3 como \u201caliado de Zdero\u201d.<\/p>\n","protected":false},"excerpt":{"rendered":"<p>El exgobernador Jorge Capitanich y presidente del Consejo Provincial del Partido Justicialista, reapareci\u00f3 despu\u00e9s de un profundo ostracismo en el que se aventaron m\u00faltiples corrillos, la mayor\u00eda de los cuales lo ubicaban de vacaciones en Europa. Durante su ausencia vencieron los plazos para la convocatoria a elecciones internas para definir candidatos a diputados provinciales, tan [&hellip;]<\/p>\n","protected":false},"author":1,"featured_media":10335,"comment_status":"open","ping_status":"open","sticky":false,"template":"","format":"standard","meta":{"footnotes":""},"categories":[27],"tags":[243,29,2759,242,642,241,248,921],"class_list":["post-10334","post","type-post","status-publish","format-standard","has-post-thumbnail","hentry","category-politica","tag-bacileff-ivanoff","tag-capitanich","tag-gestion","tag-gustavo","tag-martinez","tag-peppo","tag-pj","tag-zdero"],"_links":{"self":[{"href":"https:\/\/hdpnoticias.com.ar\/index.php?rest_route=\/wp\/v2\/posts\/10334","targetHints":{"allow":["GET"]}}],"collection":[{"href":"https:\/\/hdpnoticias.com.ar\/index.php?rest_route=\/wp\/v2\/posts"}],"about":[{"href":"https:\/\/hdpnoticias.com.ar\/index.php?rest_route=\/wp\/v2\/types\/post"}],"author":[{"embeddable":true,"href":"https:\/\/hdpnoticias.com.ar\/index.php?rest_route=\/wp\/v2\/users\/1"}],"replies":[{"embeddable":true,"href":"https:\/\/hdpnoticias.com.ar\/index.php?rest_route=%2Fwp%2Fv2%2Fcomments&post=10334"}],"version-history":[{"count":2,"href":"https:\/\/hdpnoticias.com.ar\/index.php?rest_route=\/wp\/v2\/posts\/10334\/revisions"}],"predecessor-version":[{"id":10338,"href":"https:\/\/hdpnoticias.com.ar\/index.php?rest_route=\/wp\/v2\/posts\/10334\/revisions\/10338"}],"wp:featuredmedia":[{"embeddable":true,"href":"https:\/\/hdpnoticias.com.ar\/index.php?rest_route=\/wp\/v2\/media\/10335"}],"wp:attachment":[{"href":"https:\/\/hdpnoticias.com.ar\/index.php?rest_route=%2Fwp%2Fv2%2Fmedia&parent=10334"}],"wp:term":[{"taxonomy":"category","embeddable":true,"href":"https:\/\/hdpnoticias.com.ar\/index.php?rest_route=%2Fwp%2Fv2%2Fcategories&post=10334"},{"taxonomy":"post_tag","embeddable":true,"href":"https:\/\/hdpnoticias.com.ar\/index.php?rest_route=%2Fwp%2Fv2%2Ftags&post=10334"}],"curies":[{"name":"wp","href":"https:\/\/api.w.org\/{rel}","templated":true}]}}