{"id":10330,"date":"2025-02-25T19:34:33","date_gmt":"2025-02-25T22:34:33","guid":{"rendered":"https:\/\/hdpnoticias.com.ar\/?p=10330"},"modified":"2025-02-25T19:36:58","modified_gmt":"2025-02-25T22:36:58","slug":"milei-designo-por-decreto-a-lijo-y-garcia-mansilla-en-la-corte-suprema","status":"publish","type":"post","link":"https:\/\/hdpnoticias.com.ar\/?p=10330","title":{"rendered":"Milei design\u00f3 por decreto a Lijo y Garc\u00eda Mansilla en la Corte Suprema"},"content":{"rendered":"\n<figure class=\"wp-block-image size-full\"><img loading=\"lazy\" decoding=\"async\" width=\"720\" height=\"90\" src=\"http:\/\/hdpnoticias.com.ar\/wp-content\/uploads\/2024\/05\/Copy-of-720x90-1.gif\" alt=\"\" class=\"wp-image-6806\"\/><\/figure>\n\n\n\n<p>EL Presidente de la Naci\u00f3n: Javier Milei, finalmente design\u00f3 en comisi\u00f3n por decreto a Ariel Lijo y Manuel Garc\u00eda Mansilla como jueces de la Corte Suprema. Son los candidatos del Poder Ejecutivo que a\u00fan no hab\u00eda logrado el consenso necesario en el Senado. El plazo para el nombramiento en comisi\u00f3n expiraba el viernes, ya que s\u00f3lo lo puede hacer mientras el Congreso est\u00e9 en receso.<\/p>\n\n\n\n<p>\u201cEl Presidente ha tomado la determinaci\u00f3n de designar en comisi\u00f3n a los doctores Manuel Garcia-Mansilla y Ariel Lijo como jueces de la Corte Suprema de Justicia de la Naci\u00f3n, hasta la finalizaci\u00f3n del pr\u00f3ximo periodo legislativo, con el objetivo de normalizar el funcionamiento del m\u00e1ximo tribunal judicial de nuestro pa\u00eds, el cual no puede llevar a cabo su rol con normalidad con tan solo tres ministros. Durante el mencionado plazo, esta administraci\u00f3n continuar\u00e1 con el tr\u00e1mite legislativo para que la C\u00e1mara Alta ejerza sus atribuciones y preste los correspondientes acuerdos a los pliegos. El Gobierno Nacional no tolera ni tolerar\u00e1 que los intereses de la pol\u00edtica se impongan por sobre los del pueblo argentino, bajo ninguna circunstancia\u201d, anunci\u00f3 la Oficina del Presidente.<\/p>\n\n\n\n<p>En el mismo comunicado el Gobierno reproch\u00f3 los cuestionamientos a las propuestas del Presidente: \u201cEn ning\u00fan caso el Senado tiene la potestad para rechazar el acuerdo de los candidatos propuestos por el Presidente en base a preferencias personales o pol\u00edticas de los senadores. De hecho, es la politizaci\u00f3n de la Justicia una de las principales causas de que los argentinos no tengan un servicio de Justicia que resuelva sus problemas. La Constituci\u00f3n claramente establece que es el Presidente, y nadie m\u00e1s, quien tiene la facultad de seleccionar los candidatos para cubrir las vacantes en el M\u00e1ximo Tribunal, limit\u00e1ndose el Senado a prestar su conformidad o rechazarlos en funci\u00f3n de un an\u00e1lisis objetivo de la idoneidad t\u00e9cnica de los candidatos&#8221;.<\/p>\n\n\n\n<p>Y sigui\u00f3: \u201cCuando una notable mayor\u00eda del arco pol\u00edtico respald\u00f3 tanto a N\u00e9stor Kirchner como a Mauricio Macri en la designaci\u00f3n temprana de jueces para la Corte Suprema durante sus mandatos. Sin embargo, durante meses, han evadido respetar la decisi\u00f3n de este Gobierno, aun cuando la falta de pronunciamiento implica un grave da\u00f1o al funcionamiento de uno de los tres poderes de la Rep\u00fablica\u201d.<\/p>\n\n\n\n<p><strong>El decreto de Macri qued\u00f3 pendiente<\/strong><\/p>\n\n\n\n<p>El 14 de diciembre del 2015, apenas asumi\u00f3 la Presidencia, Mauricio Macri design\u00f3 en comisi\u00f3n a Carlos Rosenkrantz y Horacio Rosatti para cubrir las vacantes generadas por las renuncias de Carlos Fayt y Ra\u00fal Zaffaroni, pero por las cr\u00edticas de la oposici\u00f3n los designados esperaron el acuerdo del Senado para incorporarse al m\u00e1ximo tribunal.<\/p>\n","protected":false},"excerpt":{"rendered":"<p>EL Presidente de la Naci\u00f3n: Javier Milei, finalmente design\u00f3 en comisi\u00f3n por decreto a Ariel Lijo y Manuel Garc\u00eda Mansilla como jueces de la Corte Suprema. Son los candidatos del Poder Ejecutivo que a\u00fan no hab\u00eda logrado el consenso necesario en el Senado. El plazo para el nombramiento en comisi\u00f3n expiraba el viernes, ya que [&hellip;]<\/p>\n","protected":false},"author":1,"featured_media":10331,"comment_status":"open","ping_status":"open","sticky":false,"template":"","format":"standard","meta":{"footnotes":""},"categories":[27],"tags":[32,943,4619,195,454,72],"class_list":["post-10330","post","type-post","status-publish","format-standard","has-post-thumbnail","hentry","category-politica","tag-corte","tag-decreto","tag-lijo","tag-macri","tag-presidente","tag-senado"],"_links":{"self":[{"href":"https:\/\/hdpnoticias.com.ar\/index.php?rest_route=\/wp\/v2\/posts\/10330","targetHints":{"allow":["GET"]}}],"collection":[{"href":"https:\/\/hdpnoticias.com.ar\/index.php?rest_route=\/wp\/v2\/posts"}],"about":[{"href":"https:\/\/hdpnoticias.com.ar\/index.php?rest_route=\/wp\/v2\/types\/post"}],"author":[{"embeddable":true,"href":"https:\/\/hdpnoticias.com.ar\/index.php?rest_route=\/wp\/v2\/users\/1"}],"replies":[{"embeddable":true,"href":"https:\/\/hdpnoticias.com.ar\/index.php?rest_route=%2Fwp%2Fv2%2Fcomments&post=10330"}],"version-history":[{"count":2,"href":"https:\/\/hdpnoticias.com.ar\/index.php?rest_route=\/wp\/v2\/posts\/10330\/revisions"}],"predecessor-version":[{"id":10333,"href":"https:\/\/hdpnoticias.com.ar\/index.php?rest_route=\/wp\/v2\/posts\/10330\/revisions\/10333"}],"wp:featuredmedia":[{"embeddable":true,"href":"https:\/\/hdpnoticias.com.ar\/index.php?rest_route=\/wp\/v2\/media\/10331"}],"wp:attachment":[{"href":"https:\/\/hdpnoticias.com.ar\/index.php?rest_route=%2Fwp%2Fv2%2Fmedia&parent=10330"}],"wp:term":[{"taxonomy":"category","embeddable":true,"href":"https:\/\/hdpnoticias.com.ar\/index.php?rest_route=%2Fwp%2Fv2%2Fcategories&post=10330"},{"taxonomy":"post_tag","embeddable":true,"href":"https:\/\/hdpnoticias.com.ar\/index.php?rest_route=%2Fwp%2Fv2%2Ftags&post=10330"}],"curies":[{"name":"wp","href":"https:\/\/api.w.org\/{rel}","templated":true}]}}