{"id":10277,"date":"2025-02-20T21:30:50","date_gmt":"2025-02-21T00:30:50","guid":{"rendered":"https:\/\/hdpnoticias.com.ar\/?p=10277"},"modified":"2025-03-06T09:40:14","modified_gmt":"2025-03-06T12:40:14","slug":"el-congreso-suspendio-las-paso-de-este-ano","status":"publish","type":"post","link":"https:\/\/hdpnoticias.com.ar\/?p=10277","title":{"rendered":"El Congreso suspendi\u00f3 las Paso de este a\u00f1o"},"content":{"rendered":"\n<figure class=\"wp-block-image size-full\"><img loading=\"lazy\" decoding=\"async\" width=\"720\" height=\"90\" src=\"http:\/\/hdpnoticias.com.ar\/wp-content\/uploads\/2024\/05\/Obras-Publicas.gif\" alt=\"\" class=\"wp-image-6818\"\/><\/figure>\n\n\n\n<p>El Senado de la Naci\u00f3n convirti\u00f3 finalmente en ley el proyecto de suspensi\u00f3n de las elecciones primarias, abiertas, simult\u00e1neas y obligatorias de este a\u00f1o, impulsado por el presidente Javier Milei en el llamado a sesiones extraordinarias, aunque el plan del Gobierno era eliminarlas definitivamente.<\/p>\n\n\n\n<p>El bloque oficialista, los bloques dialoguistas y el kirchnerismo que vot\u00f3 dividido, sumaron 43 votos por la suspensi\u00f3n, hubo 20 votos en contra y 6 abstenciones.<\/p>\n\n\n\n<p>Con esto, cada partido o frente tendr\u00e1 potestad para definir sus candidaturas mediante el m\u00e9todo que estime pertinente.<\/p>\n\n\n\n<p>Este resultado est\u00e1 en l\u00ednea con lo resuelto en diciembre pasado por la Legislatura del Chaco, al suspender por un a\u00f1o las primarias en la provincia, que deriv\u00f3 en una sola elecci\u00f3n local, convocada para el 11 de mayo.<\/p>\n","protected":false},"excerpt":{"rendered":"<p>El Senado de la Naci\u00f3n convirti\u00f3 finalmente en ley el proyecto de suspensi\u00f3n de las elecciones primarias, abiertas, simult\u00e1neas y obligatorias de este a\u00f1o, impulsado por el presidente Javier Milei en el llamado a sesiones extraordinarias, aunque el plan del Gobierno era eliminarlas definitivamente. El bloque oficialista, los bloques dialoguistas y el kirchnerismo que vot\u00f3 [&hellip;]<\/p>\n","protected":false},"author":1,"featured_media":1342,"comment_status":"open","ping_status":"open","sticky":false,"template":"","format":"standard","meta":{"footnotes":""},"categories":[27],"tags":[251,246,1319,4631,249,72],"class_list":["post-10277","post","type-post","status-publish","format-standard","has-post-thumbnail","hentry","category-politica","tag-congreso","tag-elecciones","tag-milei","tag-partidos","tag-paso","tag-senado"],"_links":{"self":[{"href":"https:\/\/hdpnoticias.com.ar\/index.php?rest_route=\/wp\/v2\/posts\/10277","targetHints":{"allow":["GET"]}}],"collection":[{"href":"https:\/\/hdpnoticias.com.ar\/index.php?rest_route=\/wp\/v2\/posts"}],"about":[{"href":"https:\/\/hdpnoticias.com.ar\/index.php?rest_route=\/wp\/v2\/types\/post"}],"author":[{"embeddable":true,"href":"https:\/\/hdpnoticias.com.ar\/index.php?rest_route=\/wp\/v2\/users\/1"}],"replies":[{"embeddable":true,"href":"https:\/\/hdpnoticias.com.ar\/index.php?rest_route=%2Fwp%2Fv2%2Fcomments&post=10277"}],"version-history":[{"count":1,"href":"https:\/\/hdpnoticias.com.ar\/index.php?rest_route=\/wp\/v2\/posts\/10277\/revisions"}],"predecessor-version":[{"id":10278,"href":"https:\/\/hdpnoticias.com.ar\/index.php?rest_route=\/wp\/v2\/posts\/10277\/revisions\/10278"}],"wp:featuredmedia":[{"embeddable":true,"href":"https:\/\/hdpnoticias.com.ar\/index.php?rest_route=\/wp\/v2\/media\/1342"}],"wp:attachment":[{"href":"https:\/\/hdpnoticias.com.ar\/index.php?rest_route=%2Fwp%2Fv2%2Fmedia&parent=10277"}],"wp:term":[{"taxonomy":"category","embeddable":true,"href":"https:\/\/hdpnoticias.com.ar\/index.php?rest_route=%2Fwp%2Fv2%2Fcategories&post=10277"},{"taxonomy":"post_tag","embeddable":true,"href":"https:\/\/hdpnoticias.com.ar\/index.php?rest_route=%2Fwp%2Fv2%2Ftags&post=10277"}],"curies":[{"name":"wp","href":"https:\/\/api.w.org\/{rel}","templated":true}]}}