{"id":10249,"date":"2025-02-17T17:47:49","date_gmt":"2025-02-17T20:47:49","guid":{"rendered":"https:\/\/hdpnoticias.com.ar\/?p=10249"},"modified":"2025-02-17T17:47:50","modified_gmt":"2025-02-17T20:47:50","slug":"nena-de-12-anos-conducia-una-moto-y-choco-en-charata","status":"publish","type":"post","link":"https:\/\/hdpnoticias.com.ar\/?p=10249","title":{"rendered":"Nena de 12 a\u00f1os conduc\u00eda una moto y choc\u00f3 en Charata"},"content":{"rendered":"\n<figure class=\"wp-block-image size-full\"><img loading=\"lazy\" decoding=\"async\" width=\"728\" height=\"90\" src=\"http:\/\/hdpnoticias.com.ar\/wp-content\/uploads\/2024\/05\/Nachec.gif\" alt=\"\" class=\"wp-image-6814\"\/><\/figure>\n\n\n\n<p>La noche del \u00faltimo s\u00e1bado 2 motocicletas protagonizaron un choque en la callle V\u00e9lez S\u00e1rsfield, en el barrio Centenario, de Charata.<\/p>\n\n\n\n<p>En una de ellas: una Keller de 110cc., circulaba un hombre de 37 a\u00f1os, que sufri\u00f3 traumatismo enc\u00e9falo craneano moderado, heridas cortantes en la cabeza y la pierna derecha, y escoriaciones en ambos brazos. Por esto, debi\u00f3 ser trasladado al hospital en ambulancia, donde permanece internado.<\/p>\n\n\n\n<p>La otra, una Zanella de 90cc. era conducida por una ni\u00f1a de 12 a\u00f1os. Su padre, de 37, acudi\u00f3 al lugar, pero no ofreci\u00f3 explicaciones sobre la situaci\u00f3n.<\/p>\n","protected":false},"excerpt":{"rendered":"<p>La noche del \u00faltimo s\u00e1bado 2 motocicletas protagonizaron un choque en la callle V\u00e9lez S\u00e1rsfield, en el barrio Centenario, de Charata. En una de ellas: una Keller de 110cc., circulaba un hombre de 37 a\u00f1os, que sufri\u00f3 traumatismo enc\u00e9falo craneano moderado, heridas cortantes en la cabeza y la pierna derecha, y escoriaciones en ambos brazos. [&hellip;]<\/p>\n","protected":false},"author":1,"featured_media":10250,"comment_status":"open","ping_status":"open","sticky":false,"template":"","format":"standard","meta":{"footnotes":""},"categories":[26],"tags":[322,91,1308,92,603,77],"class_list":["post-10249","post","type-post","status-publish","format-standard","has-post-thumbnail","hentry","category-policiales","tag-accidente","tag-charata","tag-keller","tag-motociclista","tag-nina","tag-zanella"],"_links":{"self":[{"href":"https:\/\/hdpnoticias.com.ar\/index.php?rest_route=\/wp\/v2\/posts\/10249","targetHints":{"allow":["GET"]}}],"collection":[{"href":"https:\/\/hdpnoticias.com.ar\/index.php?rest_route=\/wp\/v2\/posts"}],"about":[{"href":"https:\/\/hdpnoticias.com.ar\/index.php?rest_route=\/wp\/v2\/types\/post"}],"author":[{"embeddable":true,"href":"https:\/\/hdpnoticias.com.ar\/index.php?rest_route=\/wp\/v2\/users\/1"}],"replies":[{"embeddable":true,"href":"https:\/\/hdpnoticias.com.ar\/index.php?rest_route=%2Fwp%2Fv2%2Fcomments&post=10249"}],"version-history":[{"count":1,"href":"https:\/\/hdpnoticias.com.ar\/index.php?rest_route=\/wp\/v2\/posts\/10249\/revisions"}],"predecessor-version":[{"id":10251,"href":"https:\/\/hdpnoticias.com.ar\/index.php?rest_route=\/wp\/v2\/posts\/10249\/revisions\/10251"}],"wp:featuredmedia":[{"embeddable":true,"href":"https:\/\/hdpnoticias.com.ar\/index.php?rest_route=\/wp\/v2\/media\/10250"}],"wp:attachment":[{"href":"https:\/\/hdpnoticias.com.ar\/index.php?rest_route=%2Fwp%2Fv2%2Fmedia&parent=10249"}],"wp:term":[{"taxonomy":"category","embeddable":true,"href":"https:\/\/hdpnoticias.com.ar\/index.php?rest_route=%2Fwp%2Fv2%2Fcategories&post=10249"},{"taxonomy":"post_tag","embeddable":true,"href":"https:\/\/hdpnoticias.com.ar\/index.php?rest_route=%2Fwp%2Fv2%2Ftags&post=10249"}],"curies":[{"name":"wp","href":"https:\/\/api.w.org\/{rel}","templated":true}]}}