{"id":10209,"date":"2025-02-11T19:16:00","date_gmt":"2025-02-11T22:16:00","guid":{"rendered":"https:\/\/hdpnoticias.com.ar\/?p=10209"},"modified":"2025-02-12T07:29:14","modified_gmt":"2025-02-12T10:29:14","slug":"trabajador-de-la-municipalidad-de-resistencia-murio-en-plena-via-publica","status":"publish","type":"post","link":"https:\/\/hdpnoticias.com.ar\/?p=10209","title":{"rendered":"Trabajador de la Municipalidad de Resistencia muri\u00f3 en plena v\u00eda p\u00fablica"},"content":{"rendered":"\n<figure class=\"wp-block-image size-full\"><img loading=\"lazy\" decoding=\"async\" width=\"720\" height=\"90\" src=\"http:\/\/hdpnoticias.com.ar\/wp-content\/uploads\/2024\/05\/Copy-of-720x90-1.gif\" alt=\"\" class=\"wp-image-6806\"\/><\/figure>\n\n\n\n<p>La tarde de este martes transeuntes hallaron un hombre desvanecido sobre la vereda en la calle Ushuaia 2425, en la zona sudoeste de Resistencia.<\/p>\n\n\n\n<p>R\u00e1pidamente dieron aviso a la Polic\u00eda y llamaron una ambulancia, pero al llegar el equipo de emergencias m\u00e9dicas, los profesionales corroboraron que ya estaba muerto.<\/p>\n\n\n\n<p>No llevaba documentos pero poco despu\u00e9s fue identificado por vecinos y compa\u00f1eros de trabajo como Alejandro Piris, empleado del \u00e1rea de Recolecci\u00f3n de la Municipalidad de Resistencia, domiciliado en el barrio Los Teros.<\/p>\n\n\n\n<p>A\u00fan se desconocen las causas del deceso pero no se descarta que haya sido v\u00edctima de la ola de calor al final de una jornada de intenso trabajo.<\/p>\n","protected":false},"excerpt":{"rendered":"<p>La tarde de este martes transeuntes hallaron un hombre desvanecido sobre la vereda en la calle Ushuaia 2425, en la zona sudoeste de Resistencia. R\u00e1pidamente dieron aviso a la Polic\u00eda y llamaron una ambulancia, pero al llegar el equipo de emergencias m\u00e9dicas, los profesionales corroboraron que ya estaba muerto. No llevaba documentos pero poco despu\u00e9s [&hellip;]<\/p>\n","protected":false},"author":1,"featured_media":10210,"comment_status":"open","ping_status":"open","sticky":false,"template":"","format":"standard","meta":{"footnotes":""},"categories":[6],"tags":[472,835,2710,49],"class_list":["post-10209","post","type-post","status-publish","format-standard","has-post-thumbnail","hentry","category-info-general","tag-muerto","tag-municipalidad","tag-recoleccion","tag-resistencia"],"_links":{"self":[{"href":"https:\/\/hdpnoticias.com.ar\/index.php?rest_route=\/wp\/v2\/posts\/10209","targetHints":{"allow":["GET"]}}],"collection":[{"href":"https:\/\/hdpnoticias.com.ar\/index.php?rest_route=\/wp\/v2\/posts"}],"about":[{"href":"https:\/\/hdpnoticias.com.ar\/index.php?rest_route=\/wp\/v2\/types\/post"}],"author":[{"embeddable":true,"href":"https:\/\/hdpnoticias.com.ar\/index.php?rest_route=\/wp\/v2\/users\/1"}],"replies":[{"embeddable":true,"href":"https:\/\/hdpnoticias.com.ar\/index.php?rest_route=%2Fwp%2Fv2%2Fcomments&post=10209"}],"version-history":[{"count":1,"href":"https:\/\/hdpnoticias.com.ar\/index.php?rest_route=\/wp\/v2\/posts\/10209\/revisions"}],"predecessor-version":[{"id":10211,"href":"https:\/\/hdpnoticias.com.ar\/index.php?rest_route=\/wp\/v2\/posts\/10209\/revisions\/10211"}],"wp:featuredmedia":[{"embeddable":true,"href":"https:\/\/hdpnoticias.com.ar\/index.php?rest_route=\/wp\/v2\/media\/10210"}],"wp:attachment":[{"href":"https:\/\/hdpnoticias.com.ar\/index.php?rest_route=%2Fwp%2Fv2%2Fmedia&parent=10209"}],"wp:term":[{"taxonomy":"category","embeddable":true,"href":"https:\/\/hdpnoticias.com.ar\/index.php?rest_route=%2Fwp%2Fv2%2Fcategories&post=10209"},{"taxonomy":"post_tag","embeddable":true,"href":"https:\/\/hdpnoticias.com.ar\/index.php?rest_route=%2Fwp%2Fv2%2Ftags&post=10209"}],"curies":[{"name":"wp","href":"https:\/\/api.w.org\/{rel}","templated":true}]}}