{"id":10185,"date":"2025-02-08T21:31:00","date_gmt":"2025-02-09T00:31:00","guid":{"rendered":"https:\/\/hdpnoticias.com.ar\/?p=10185"},"modified":"2025-02-09T09:47:26","modified_gmt":"2025-02-09T12:47:26","slug":"arrancaron-las-privatizaciones-milei-puso-en-venta-el-belgrano-cargas","status":"publish","type":"post","link":"https:\/\/hdpnoticias.com.ar\/?p=10185","title":{"rendered":"Arrancaron las privatizaciones: Milei puso en venta el Belgrano Cargas"},"content":{"rendered":"\n<figure class=\"wp-block-image size-full\"><img loading=\"lazy\" decoding=\"async\" width=\"720\" height=\"90\" src=\"http:\/\/hdpnoticias.com.ar\/wp-content\/uploads\/2024\/05\/Obras-Publicas.gif\" alt=\"\" class=\"wp-image-6818\"\/><\/figure>\n\n\n\n<p>El presidente de la Naci\u00f3n: Javier Milei, decret\u00f3 la privatizaci\u00f3n del Ferrocarril Belgrano Cargas, repitiendo un proceso que ya atraves\u00f3 el pa\u00eds en la d\u00e9cada del 90 durante la presidencia del peronista Carlos Sa\u00fal Menem, a quien \u00e9l considera \u201cpr\u00f3cer\u201d.<\/p>\n\n\n\n<p>El anuncio lo hizo el vocero presidencial Manuel Adorni a trav\u00e9s de las redes sociales: &#8220;El Presidente Javier Milei acaba de firmar el decreto que da inicio al proceso de privatizaci\u00f3n total de la empresa Belgrano Cargas y Log\u00edstica S.A&#8221;, public\u00f3.<\/p>\n\n\n\n<p>Y agreg\u00f3: &#8220;El Estado dejar\u00e1 de ser operador de los servicios ferroviarios de carga y de toda su infraestructura: material rodante, v\u00edas, talleres e inmuebles&#8221;.<\/p>\n\n\n\n<p>Tras el adelanto informal ya surgieron las primeras reacciones cr\u00edticas y las expectativas se centran en la publicaci\u00f3n del documento oficial.<\/p>\n","protected":false},"excerpt":{"rendered":"<p>El presidente de la Naci\u00f3n: Javier Milei, decret\u00f3 la privatizaci\u00f3n del Ferrocarril Belgrano Cargas, repitiendo un proceso que ya atraves\u00f3 el pa\u00eds en la d\u00e9cada del 90 durante la presidencia del peronista Carlos Sa\u00fal Menem, a quien \u00e9l considera \u201cpr\u00f3cer\u201d. El anuncio lo hizo el vocero presidencial Manuel Adorni a trav\u00e9s de las redes sociales: [&hellip;]<\/p>\n","protected":false},"author":1,"featured_media":10186,"comment_status":"open","ping_status":"open","sticky":false,"template":"","format":"standard","meta":{"footnotes":""},"categories":[6],"tags":[4611,4610,4418,287,1319,3047],"class_list":["post-10185","post","type-post","status-publish","format-standard","has-post-thumbnail","hentry","category-info-general","tag-4611","tag-belgrano-cargas","tag-ferrocarril","tag-menem","tag-milei","tag-privatizacion"],"_links":{"self":[{"href":"https:\/\/hdpnoticias.com.ar\/index.php?rest_route=\/wp\/v2\/posts\/10185","targetHints":{"allow":["GET"]}}],"collection":[{"href":"https:\/\/hdpnoticias.com.ar\/index.php?rest_route=\/wp\/v2\/posts"}],"about":[{"href":"https:\/\/hdpnoticias.com.ar\/index.php?rest_route=\/wp\/v2\/types\/post"}],"author":[{"embeddable":true,"href":"https:\/\/hdpnoticias.com.ar\/index.php?rest_route=\/wp\/v2\/users\/1"}],"replies":[{"embeddable":true,"href":"https:\/\/hdpnoticias.com.ar\/index.php?rest_route=%2Fwp%2Fv2%2Fcomments&post=10185"}],"version-history":[{"count":1,"href":"https:\/\/hdpnoticias.com.ar\/index.php?rest_route=\/wp\/v2\/posts\/10185\/revisions"}],"predecessor-version":[{"id":10187,"href":"https:\/\/hdpnoticias.com.ar\/index.php?rest_route=\/wp\/v2\/posts\/10185\/revisions\/10187"}],"wp:featuredmedia":[{"embeddable":true,"href":"https:\/\/hdpnoticias.com.ar\/index.php?rest_route=\/wp\/v2\/media\/10186"}],"wp:attachment":[{"href":"https:\/\/hdpnoticias.com.ar\/index.php?rest_route=%2Fwp%2Fv2%2Fmedia&parent=10185"}],"wp:term":[{"taxonomy":"category","embeddable":true,"href":"https:\/\/hdpnoticias.com.ar\/index.php?rest_route=%2Fwp%2Fv2%2Fcategories&post=10185"},{"taxonomy":"post_tag","embeddable":true,"href":"https:\/\/hdpnoticias.com.ar\/index.php?rest_route=%2Fwp%2Fv2%2Ftags&post=10185"}],"curies":[{"name":"wp","href":"https:\/\/api.w.org\/{rel}","templated":true}]}}