{"id":10116,"date":"2025-02-01T22:34:58","date_gmt":"2025-02-02T01:34:58","guid":{"rendered":"https:\/\/hdpnoticias.com.ar\/?p=10116"},"modified":"2025-03-06T08:25:46","modified_gmt":"2025-03-06T11:25:46","slug":"masiva-marcha-contra-milei-el-fascismo-y-el-racismo-en-resistencia","status":"publish","type":"post","link":"https:\/\/hdpnoticias.com.ar\/?p=10116","title":{"rendered":"Masiva marcha contra Milei, el fascismo y el racismo en Resistencia"},"content":{"rendered":"\n<figure class=\"wp-block-image size-full\"><img loading=\"lazy\" decoding=\"async\" width=\"720\" height=\"90\" src=\"http:\/\/hdpnoticias.com.ar\/wp-content\/uploads\/2024\/05\/Obras-Publicas.gif\" alt=\"\" class=\"wp-image-6818\"\/><\/figure>\n\n\n\n<p>Este s\u00e1bado se multiplicaron las manifestaciones en el marco de la \u201cmarcha federal del orgullo antifascista y antirracista\u201d contra el presidente de la Naci\u00f3n: Javier Milei, por sus expresiones sobre la comunidad LGTBIQ+.<\/p>\n\n\n\n<p>En el Foro de Davos, el Presidente hab\u00eda tachado de ped\u00f3filos a los homosexuales, y tambi\u00e9n hab\u00eda manifestado su postura contraria a la figura del femicidio en el C\u00f3digo Penal.<\/p>\n\n\n\n<p>Esto gener\u00f3 la reacci\u00f3n no s\u00f3lo de quienes pudieron considerarse directamente afectados, sino de diversos sectores de la sociedad, m\u00e1s all\u00e1 de su elecci\u00f3n sexual.<\/p>\n\n\n\n<p>La convocatoria reuni\u00f3 a organizaciones sociales, partidos pol\u00edticos, gremios y la sociedad en general.<\/p>\n\n\n\n<p>En Resistencia, la marcha fue multitudinaria. Parti\u00f3 de las puertas del hospital Perrando, y recorri\u00f3 la avenida 9 de Julio hasta el m\u00e1stil mayor, rode\u00f3 la plaza 25 de Mayo y lleg\u00f3 a la Casa de Gobierno. El acto culmin\u00f3 con la lectura de un documento que resumi\u00f3 la postura contraria a la visi\u00f3n de Javier Milei.<\/p>\n","protected":false},"excerpt":{"rendered":"<p>Este s\u00e1bado se multiplicaron las manifestaciones en el marco de la \u201cmarcha federal del orgullo antifascista y antirracista\u201d contra el presidente de la Naci\u00f3n: Javier Milei, por sus expresiones sobre la comunidad LGTBIQ+. En el Foro de Davos, el Presidente hab\u00eda tachado de ped\u00f3filos a los homosexuales, y tambi\u00e9n hab\u00eda manifestado su postura contraria a [&hellip;]<\/p>\n","protected":false},"author":1,"featured_media":10117,"comment_status":"open","ping_status":"open","sticky":false,"template":"","format":"standard","meta":{"footnotes":""},"categories":[6,27],"tags":[4583,4582,4584,4580,1889,1319,658,4581,49,4585],"class_list":["post-10116","post","type-post","status-publish","format-standard","has-post-thumbnail","hentry","category-info-general","category-politica","tag-davos","tag-fascismo","tag-homosexuales","tag-lgtbiq-2","tag-marcha","tag-milei","tag-protesta","tag-racismo","tag-resistencia","tag-sindicatos"],"_links":{"self":[{"href":"https:\/\/hdpnoticias.com.ar\/index.php?rest_route=\/wp\/v2\/posts\/10116","targetHints":{"allow":["GET"]}}],"collection":[{"href":"https:\/\/hdpnoticias.com.ar\/index.php?rest_route=\/wp\/v2\/posts"}],"about":[{"href":"https:\/\/hdpnoticias.com.ar\/index.php?rest_route=\/wp\/v2\/types\/post"}],"author":[{"embeddable":true,"href":"https:\/\/hdpnoticias.com.ar\/index.php?rest_route=\/wp\/v2\/users\/1"}],"replies":[{"embeddable":true,"href":"https:\/\/hdpnoticias.com.ar\/index.php?rest_route=%2Fwp%2Fv2%2Fcomments&post=10116"}],"version-history":[{"count":1,"href":"https:\/\/hdpnoticias.com.ar\/index.php?rest_route=\/wp\/v2\/posts\/10116\/revisions"}],"predecessor-version":[{"id":10118,"href":"https:\/\/hdpnoticias.com.ar\/index.php?rest_route=\/wp\/v2\/posts\/10116\/revisions\/10118"}],"wp:featuredmedia":[{"embeddable":true,"href":"https:\/\/hdpnoticias.com.ar\/index.php?rest_route=\/wp\/v2\/media\/10117"}],"wp:attachment":[{"href":"https:\/\/hdpnoticias.com.ar\/index.php?rest_route=%2Fwp%2Fv2%2Fmedia&parent=10116"}],"wp:term":[{"taxonomy":"category","embeddable":true,"href":"https:\/\/hdpnoticias.com.ar\/index.php?rest_route=%2Fwp%2Fv2%2Fcategories&post=10116"},{"taxonomy":"post_tag","embeddable":true,"href":"https:\/\/hdpnoticias.com.ar\/index.php?rest_route=%2Fwp%2Fv2%2Ftags&post=10116"}],"curies":[{"name":"wp","href":"https:\/\/api.w.org\/{rel}","templated":true}]}}