{"id":10088,"date":"2025-01-29T21:22:03","date_gmt":"2025-01-30T00:22:03","guid":{"rendered":"https:\/\/hdpnoticias.com.ar\/?p=10088"},"modified":"2025-02-07T06:55:33","modified_gmt":"2025-02-07T09:55:33","slug":"pampa-del-infierno-cayo-un-hombre-acusado-de-abusar-de-su-sobrina-de-13-anos","status":"publish","type":"post","link":"https:\/\/hdpnoticias.com.ar\/?p=10088","title":{"rendered":"Pampa del Infierno: cay\u00f3 un hombre acusado de abusar de su sobrina de 13 a\u00f1os"},"content":{"rendered":"\n<figure class=\"wp-block-image size-full\"><img loading=\"lazy\" decoding=\"async\" width=\"728\" height=\"90\" src=\"http:\/\/hdpnoticias.com.ar\/wp-content\/uploads\/2024\/05\/Nachec.gif\" alt=\"\" class=\"wp-image-6814\"\/><\/figure>\n\n\n\n<p>La tarde del martes una ni\u00f1a de 13 a\u00f1os domiciliada en Los Frentones fue trasladada al hospital 4 de Junio, de Presidencia Roque S\u00e1enz Pe\u00f1a, descompensada y con signos de un aborto inconcluso.<\/p>\n\n\n\n<p>Al recibir atenci\u00f3n dijo a los m\u00e9dicos que desde hace varios meses es abusada por un t\u00edo al que llaman \u201cCoco\u201d, de 25 a\u00f1os.<\/p>\n\n\n\n<p>La ginec\u00f3loga formaliz\u00f3 la denuncia y tom\u00f3 intervenci\u00f3n el fiscal en turno que orden\u00f3 la detenci\u00f3n del hombre, lo que ocurri\u00f3 minutos antes de la medianoche.<\/p>\n\n\n\n<p>En el hospital informaron que la menor se recupera y recibe atenci\u00f3n y control m\u00e9dico y psicol\u00f3gico.<\/p>\n","protected":false},"excerpt":{"rendered":"<p>La tarde del martes una ni\u00f1a de 13 a\u00f1os domiciliada en Los Frentones fue trasladada al hospital 4 de Junio, de Presidencia Roque S\u00e1enz Pe\u00f1a, descompensada y con signos de un aborto inconcluso. Al recibir atenci\u00f3n dijo a los m\u00e9dicos que desde hace varios meses es abusada por un t\u00edo al que llaman \u201cCoco\u201d, de [&hellip;]<\/p>\n","protected":false},"author":1,"featured_media":863,"comment_status":"open","ping_status":"open","sticky":false,"template":"","format":"standard","meta":{"footnotes":""},"categories":[26],"tags":[4571,282,594,95,337],"class_list":["post-10088","post","type-post","status-publish","format-standard","has-post-thumbnail","hentry","category-policiales","tag-aborto","tag-abuso","tag-pampa-del-infierno","tag-saenz-pena","tag-sexual"],"_links":{"self":[{"href":"https:\/\/hdpnoticias.com.ar\/index.php?rest_route=\/wp\/v2\/posts\/10088","targetHints":{"allow":["GET"]}}],"collection":[{"href":"https:\/\/hdpnoticias.com.ar\/index.php?rest_route=\/wp\/v2\/posts"}],"about":[{"href":"https:\/\/hdpnoticias.com.ar\/index.php?rest_route=\/wp\/v2\/types\/post"}],"author":[{"embeddable":true,"href":"https:\/\/hdpnoticias.com.ar\/index.php?rest_route=\/wp\/v2\/users\/1"}],"replies":[{"embeddable":true,"href":"https:\/\/hdpnoticias.com.ar\/index.php?rest_route=%2Fwp%2Fv2%2Fcomments&post=10088"}],"version-history":[{"count":1,"href":"https:\/\/hdpnoticias.com.ar\/index.php?rest_route=\/wp\/v2\/posts\/10088\/revisions"}],"predecessor-version":[{"id":10089,"href":"https:\/\/hdpnoticias.com.ar\/index.php?rest_route=\/wp\/v2\/posts\/10088\/revisions\/10089"}],"wp:featuredmedia":[{"embeddable":true,"href":"https:\/\/hdpnoticias.com.ar\/index.php?rest_route=\/wp\/v2\/media\/863"}],"wp:attachment":[{"href":"https:\/\/hdpnoticias.com.ar\/index.php?rest_route=%2Fwp%2Fv2%2Fmedia&parent=10088"}],"wp:term":[{"taxonomy":"category","embeddable":true,"href":"https:\/\/hdpnoticias.com.ar\/index.php?rest_route=%2Fwp%2Fv2%2Fcategories&post=10088"},{"taxonomy":"post_tag","embeddable":true,"href":"https:\/\/hdpnoticias.com.ar\/index.php?rest_route=%2Fwp%2Fv2%2Ftags&post=10088"}],"curies":[{"name":"wp","href":"https:\/\/api.w.org\/{rel}","templated":true}]}}