{"id":10016,"date":"2025-01-21T21:52:34","date_gmt":"2025-01-22T00:52:34","guid":{"rendered":"https:\/\/hdpnoticias.com.ar\/?p=10016"},"modified":"2025-01-21T21:52:35","modified_gmt":"2025-01-22T00:52:35","slug":"gustavo-el-peronismo-perdio-por-todas-las-pelotudeces-de-los-ultimos-anos","status":"publish","type":"post","link":"https:\/\/hdpnoticias.com.ar\/?p=10016","title":{"rendered":"Gustavo: El peronismo perdi\u00f3 por todas las pelotudeces de los \u00faltimos a\u00f1os"},"content":{"rendered":"\n<figure class=\"wp-block-image size-full\"><img loading=\"lazy\" decoding=\"async\" width=\"720\" height=\"90\" src=\"http:\/\/hdpnoticias.com.ar\/wp-content\/uploads\/2024\/05\/Obras-Publicas.gif\" alt=\"\" class=\"wp-image-6818\"\/><\/figure>\n\n\n\n<p>El frente Corrientes de Expresi\u00f3n Renovada, que lidera el exintendente de Resistencia: Gustavo Mart\u00ednez, ya anunci\u00f3 que emprende el camino a las elecciones legislativas del 11 de mayo con boleta propia. Ante la incertidumbre que impera en el Partido Justicialista, abonada por la ausencia del presidente del Consejo Provincial: el exgobernador Jorge Capitanich.<\/p>\n\n\n\n<p>\u201cEntendimos que este a\u00f1o era una oportunidad para que todos podamos deponer actitudes, bajarnos del caballo, buscar la forma de reconocer errores con humildad y unificar los cuatro frentes peronistas que fuimos a la elecci\u00f3n en 2023\u201d, dijo Mart\u00ednez, entrevistado por Roberto Espinoza, en radio Independencia, al dar por ca\u00edda esta posibilidad por la falta de actitud de la conducci\u00f3n partidaria.<\/p>\n\n\n\n<p>En el mismo sentido record\u00f3 que la suma del Frente Chaque\u00f1o de Capitanich, su frente CER, el Frente Integrador del exvicegobernador Juan Carlos Bacileff Ivanoff, y el frente Todos Unidos, del exgobernador Domingo Peppo, alcanz\u00f3 m\u00e1s del 50 por ciento de los votos, lo que hubiera significado un triunfo peronista en primera vuelta, pero que sin embargo el escrutinio termin\u00f3 en una derrota ante el radical Leandro Zdero.<\/p>\n\n\n\n<p>Y advirti\u00f3 que todo indica que esta situaci\u00f3n se repetir\u00e1 porque \u201cel partido y la actual conducci\u00f3n se cerraron a conformar una lista propia integrada exclusivamente por la l\u00ednea interna de las autoridades partidarias\u201d.<\/p>\n\n\n\n<p>Para \u00e9l, \u201chay que terminar con el modelo de dirigentes de privilegio, de beneficios, de la casta peronista, que hay y mucho, principalmente en los \u00faltimos a\u00f1os\u201d.<\/p>\n\n\n\n<p>\u201cEl peronismo tiene que volver a la militancia sana, honesta, transparente, en vez de alimentarle el ego a una persona y adularla para que se siente bien\u201d, chant\u00f3, en obvia alusi\u00f3n al centralismo de Capitanich y su entorno. Y sigui\u00f3: \u201cEn los \u00faltimos a\u00f1os nos llenamos de piqueteros y pol\u00edticos yupis, y \u201caguante los pibes\u201d y todas esas pelodudeces que nos llevaron a perder el gobierno a fragmentar el peronismo en 4 frentes con 160 candidatos a intendentes peronistas en la provincia\u201d.<\/p>\n\n\n\n<p>Y aunque metaf\u00f3ricamente, volvi\u00f3 a disparar contra Capitanich, endos\u00e1ndole la falta de voluntad para convocar a todos los sectores: \u201cCuando un equipo anda mal nadie culpa a los jugadores, a la hinchada, al pasapelotas, al aguatero, la gente pide que cambien el t\u00e9cnico porque sabe que la responsabilidad es suya\u201d.<\/p>\n\n\n\n<p>\u201cTenemos que ser serios y decir las cosas como son\u201d, remat\u00f3.<\/p>\n\n\n\n<p>En el mismo tono se hab\u00eda expresado recientemente Peppo, que lament\u00f3 que la derrota no haya servido de escarmiento, para deponer posturas irreductibles, y grafic\u00f3 que <strong><a href=\"https:\/\/hdpnoticias.com.ar\/?p=10004\">&#8220;Capitanich carga la mochila de no poder entregarle el gobierno a otro peronista&#8221;<\/a><\/strong>.<\/p>\n","protected":false},"excerpt":{"rendered":"<p>El frente Corrientes de Expresi\u00f3n Renovada, que lidera el exintendente de Resistencia: Gustavo Mart\u00ednez, ya anunci\u00f3 que emprende el camino a las elecciones legislativas del 11 de mayo con boleta propia. Ante la incertidumbre que impera en el Partido Justicialista, abonada por la ausencia del presidente del Consejo Provincial: el exgobernador Jorge Capitanich. \u201cEntendimos que [&hellip;]<\/p>\n","protected":false},"author":1,"featured_media":4207,"comment_status":"open","ping_status":"open","sticky":false,"template":"","format":"standard","meta":{"footnotes":""},"categories":[27],"tags":[4050,2981,29,246,242,4545,241,248],"class_list":["post-10016","post","type-post","status-publish","format-standard","has-post-thumbnail","hentry","category-politica","tag-autocritica","tag-bacileff","tag-capitanich","tag-elecciones","tag-gustavo","tag-ivanoff","tag-peppo","tag-pj"],"_links":{"self":[{"href":"https:\/\/hdpnoticias.com.ar\/index.php?rest_route=\/wp\/v2\/posts\/10016","targetHints":{"allow":["GET"]}}],"collection":[{"href":"https:\/\/hdpnoticias.com.ar\/index.php?rest_route=\/wp\/v2\/posts"}],"about":[{"href":"https:\/\/hdpnoticias.com.ar\/index.php?rest_route=\/wp\/v2\/types\/post"}],"author":[{"embeddable":true,"href":"https:\/\/hdpnoticias.com.ar\/index.php?rest_route=\/wp\/v2\/users\/1"}],"replies":[{"embeddable":true,"href":"https:\/\/hdpnoticias.com.ar\/index.php?rest_route=%2Fwp%2Fv2%2Fcomments&post=10016"}],"version-history":[{"count":1,"href":"https:\/\/hdpnoticias.com.ar\/index.php?rest_route=\/wp\/v2\/posts\/10016\/revisions"}],"predecessor-version":[{"id":10017,"href":"https:\/\/hdpnoticias.com.ar\/index.php?rest_route=\/wp\/v2\/posts\/10016\/revisions\/10017"}],"wp:featuredmedia":[{"embeddable":true,"href":"https:\/\/hdpnoticias.com.ar\/index.php?rest_route=\/wp\/v2\/media\/4207"}],"wp:attachment":[{"href":"https:\/\/hdpnoticias.com.ar\/index.php?rest_route=%2Fwp%2Fv2%2Fmedia&parent=10016"}],"wp:term":[{"taxonomy":"category","embeddable":true,"href":"https:\/\/hdpnoticias.com.ar\/index.php?rest_route=%2Fwp%2Fv2%2Fcategories&post=10016"},{"taxonomy":"post_tag","embeddable":true,"href":"https:\/\/hdpnoticias.com.ar\/index.php?rest_route=%2Fwp%2Fv2%2Ftags&post=10016"}],"curies":[{"name":"wp","href":"https:\/\/api.w.org\/{rel}","templated":true}]}}