{"id":10004,"date":"2025-01-20T21:23:24","date_gmt":"2025-01-21T00:23:24","guid":{"rendered":"https:\/\/hdpnoticias.com.ar\/?p=10004"},"modified":"2025-01-20T21:23:26","modified_gmt":"2025-01-21T00:23:26","slug":"peppo-capitanich-lleva-la-mochila-de-no-haber-entregado-el-gobierno-a-otro-peronista","status":"publish","type":"post","link":"https:\/\/hdpnoticias.com.ar\/?p=10004","title":{"rendered":"Peppo: Capitanich lleva la mochila de no haber entregado el gobierno a otro peronista"},"content":{"rendered":"\n<figure class=\"wp-block-image size-full\"><img loading=\"lazy\" decoding=\"async\" width=\"720\" height=\"90\" src=\"http:\/\/hdpnoticias.com.ar\/wp-content\/uploads\/2024\/05\/Copy-of-720x90-1.gif\" alt=\"\" class=\"wp-image-6806\"\/><\/figure>\n\n\n\n<p>El exgobernador Domingo Peppo mir\u00f3 esc\u00e9ptico el futuro del Partido Justicialista que hoy conduce el exgobernador Jorge Capitanich, tras el frustrado pedido de elecciones internas y autocr\u00edtica por el golpe que signific\u00f3 la derrota en primera vuelta ante el radical Leandro Zdero.<\/p>\n\n\n\n<p>\u201cEl peronismo tiene que estar arm\u00f3nico adentro, si no, es muy dif\u00edcil que convenzamos afuera\u201d, grafic\u00f3, entrevistado por Roberto Espinoza en radio Independencia. Y record\u00f3 el escenario electoral de 2023: \u201cPara adentro no est\u00e1bamos bien, est\u00e1bamos divididos. Se desperdici\u00f3 una oportunidad\u201d, dijo.<\/p>\n\n\n\n<p>Y agreg\u00f3 que no coincide con quienes atribuyen la derrota a la divisi\u00f3n del voto peronista, muchos apuntando a Gustavo Mart\u00ednez, que a pesar de un magro resultado en las primarias, insisti\u00f3 en competir en las generales por la gobernaci\u00f3n. \u201c\u00c9l ten\u00eda otra mirada y no fue tenido en cuenta\u201d, consider\u00f3.<\/p>\n\n\n\n<p>Aunque no descarta una lista de consenso, admite que las chances son muy bajas. \u201cLa pol\u00edtica es el arte de lo posible, si hay voluntad, apertura, sinceridad y humildad, se puede lograr\u201d dijo sobre los requisitos que entiende que deber\u00eda reunir el l\u00edder partidario que encabece el proceso. \u201cCapitanich dice que hasta el pelo m\u00e1s delgado hace su sombre en el suelo\u201d, parafrase\u00f3 el periodista, pero Peppo no disimul\u00f3 su decepci\u00f3n al respecto: \u201cSi, pero a la hora de la verdad, no cumple el dicho\u201d.<\/p>\n\n\n\n<p>Para \u00e9l, despu\u00e9s de que la derrota que dej\u00f3 a los mayores referentes del PJ en el llano, se gener\u00f3 un ambiente ideal para revalidar liderazgos en una elecci\u00f3n interna, pero la conducci\u00f3n partidaria rechaz\u00f3 esta idea y dej\u00f3 vencer los plazos \u201cpremeditadamente\u201d.<\/p>\n\n\n\n<p>\u201cVolver a la derrota tiene que llamar a Capitanich a la reflexi\u00f3n. \u00c9l lleva en su mochila el peso de no poder entregarle el gobierno a otro peronista\u201d, dispar\u00f3 Peppo, y dijo que hoy \u201cla gran duda es si Capitanich tiene la voluntad de pensar en todos los peronistas o s\u00f3lo en unos pocos; de pensar en una senadur\u00eda o en como llegar\u00e1 el peronismo a las elecciones de 2027\u201d.<\/p>\n\n\n\n<p>El exgobernador cree que la clave est\u00e1 en la \u201crenovaci\u00f3n con ideas claras, autocr\u00edtica y sentido de unidad\u201d. Y complet\u00f3: \u201cEs muy dif\u00edcil que te crean si propon\u00e9s las mismas caras despu\u00e9s de haber cometido errores\u201d.<\/p>\n\n\n\n<p>Finalmente, sintetiz\u00f3 que depender\u00e1 de quienes conduzcan el proceso que el PJ logre acordar \u201cla mejor lista o que cada uno haga lo que crea conveniente y el peronismo vaya a las elecciones dividido\u201d.<\/p>\n\n\n\n<p><\/p>\n","protected":false},"excerpt":{"rendered":"<p>El exgobernador Domingo Peppo mir\u00f3 esc\u00e9ptico el futuro del Partido Justicialista que hoy conduce el exgobernador Jorge Capitanich, tras el frustrado pedido de elecciones internas y autocr\u00edtica por el golpe que signific\u00f3 la derrota en primera vuelta ante el radical Leandro Zdero. \u201cEl peronismo tiene que estar arm\u00f3nico adentro, si no, es muy dif\u00edcil que [&hellip;]<\/p>\n","protected":false},"author":1,"featured_media":7221,"comment_status":"open","ping_status":"open","sticky":false,"template":"","format":"standard","meta":{"footnotes":""},"categories":[27],"tags":[29,37,2508,244,241,1337,248,921],"class_list":["post-10004","post","type-post","status-publish","format-standard","has-post-thumbnail","hentry","category-politica","tag-capitanich","tag-chaco","tag-derrota","tag-gobernador","tag-peppo","tag-peronismo","tag-pj","tag-zdero"],"_links":{"self":[{"href":"https:\/\/hdpnoticias.com.ar\/index.php?rest_route=\/wp\/v2\/posts\/10004","targetHints":{"allow":["GET"]}}],"collection":[{"href":"https:\/\/hdpnoticias.com.ar\/index.php?rest_route=\/wp\/v2\/posts"}],"about":[{"href":"https:\/\/hdpnoticias.com.ar\/index.php?rest_route=\/wp\/v2\/types\/post"}],"author":[{"embeddable":true,"href":"https:\/\/hdpnoticias.com.ar\/index.php?rest_route=\/wp\/v2\/users\/1"}],"replies":[{"embeddable":true,"href":"https:\/\/hdpnoticias.com.ar\/index.php?rest_route=%2Fwp%2Fv2%2Fcomments&post=10004"}],"version-history":[{"count":1,"href":"https:\/\/hdpnoticias.com.ar\/index.php?rest_route=\/wp\/v2\/posts\/10004\/revisions"}],"predecessor-version":[{"id":10005,"href":"https:\/\/hdpnoticias.com.ar\/index.php?rest_route=\/wp\/v2\/posts\/10004\/revisions\/10005"}],"wp:featuredmedia":[{"embeddable":true,"href":"https:\/\/hdpnoticias.com.ar\/index.php?rest_route=\/wp\/v2\/media\/7221"}],"wp:attachment":[{"href":"https:\/\/hdpnoticias.com.ar\/index.php?rest_route=%2Fwp%2Fv2%2Fmedia&parent=10004"}],"wp:term":[{"taxonomy":"category","embeddable":true,"href":"https:\/\/hdpnoticias.com.ar\/index.php?rest_route=%2Fwp%2Fv2%2Fcategories&post=10004"},{"taxonomy":"post_tag","embeddable":true,"href":"https:\/\/hdpnoticias.com.ar\/index.php?rest_route=%2Fwp%2Fv2%2Ftags&post=10004"}],"curies":[{"name":"wp","href":"https:\/\/api.w.org\/{rel}","templated":true}]}}