{"id":10001,"date":"2025-01-20T12:11:28","date_gmt":"2025-01-20T15:11:28","guid":{"rendered":"https:\/\/hdpnoticias.com.ar\/?p=10001"},"modified":"2025-01-20T12:11:29","modified_gmt":"2025-01-20T15:11:29","slug":"el-chaqueno-piko-frank-premio-consagracion-en-jesus-maria","status":"publish","type":"post","link":"https:\/\/hdpnoticias.com.ar\/?p=10001","title":{"rendered":"El chaque\u00f1o Piko Frank, premio Consagraci\u00f3n en Jes\u00fas Mar\u00eda"},"content":{"rendered":"\n<figure class=\"wp-block-image size-full\"><img loading=\"lazy\" decoding=\"async\" width=\"728\" height=\"90\" src=\"http:\/\/hdpnoticias.com.ar\/wp-content\/uploads\/2024\/05\/Nachec.gif\" alt=\"\" class=\"wp-image-6814\"\/><\/figure>\n\n\n\n<p>Piko Frank, uno de los mayores exponentes de la m\u00fasica chaque\u00f1a, mereci\u00f3 el premio Consagraci\u00f3n en el 59\u00b0 Festival de Doma y Floclore de Jes\u00fas Mar\u00eda.<\/p>\n\n\n\n<p>Esta distinci\u00f3n llega en forma consecutiva al t\u00edtulo Revelaci\u00f3n que recibi\u00f3 en el mismo escenario en 2024.<\/p>\n\n\n\n<p>Piko Frank fue parte de la grilla junto a otros grandes artistas como el Chaque\u00f1o Palavecino y la banca cuartetera Q\u2019Locura, el \u00faltimo viernes, cuando la asistencia de p\u00fablico bati\u00f3 el r\u00e9cord hist\u00f3rico.<\/p>\n\n\n\n<p>Este a\u00f1o el premio Revelaci\u00f3n fue para Mat\u00edas Rojas y recibieron menciones de honor Maggie Cullen y el d\u00fao Sant2.<\/p>\n\n\n\n<p id=\"viewer-1ptrb323\"><\/p>\n","protected":false},"excerpt":{"rendered":"<p>Piko Frank, uno de los mayores exponentes de la m\u00fasica chaque\u00f1a, mereci\u00f3 el premio Consagraci\u00f3n en el 59\u00b0 Festival de Doma y Floclore de Jes\u00fas Mar\u00eda. Esta distinci\u00f3n llega en forma consecutiva al t\u00edtulo Revelaci\u00f3n que recibi\u00f3 en el mismo escenario en 2024. Piko Frank fue parte de la grilla junto a otros grandes artistas [&hellip;]<\/p>\n","protected":false},"author":1,"featured_media":10002,"comment_status":"open","ping_status":"open","sticky":false,"template":"","format":"standard","meta":{"footnotes":""},"categories":[28],"tags":[4540,4536,2195,4539,4535,4538,4534,4537],"class_list":["post-10001","post","type-post","status-publish","format-standard","has-post-thumbnail","hentry","category-cultura","tag-chacarena-del-monte","tag-consagracion","tag-doma","tag-floclore","tag-frank","tag-jesus-maria","tag-piko","tag-revelacion"],"_links":{"self":[{"href":"https:\/\/hdpnoticias.com.ar\/index.php?rest_route=\/wp\/v2\/posts\/10001","targetHints":{"allow":["GET"]}}],"collection":[{"href":"https:\/\/hdpnoticias.com.ar\/index.php?rest_route=\/wp\/v2\/posts"}],"about":[{"href":"https:\/\/hdpnoticias.com.ar\/index.php?rest_route=\/wp\/v2\/types\/post"}],"author":[{"embeddable":true,"href":"https:\/\/hdpnoticias.com.ar\/index.php?rest_route=\/wp\/v2\/users\/1"}],"replies":[{"embeddable":true,"href":"https:\/\/hdpnoticias.com.ar\/index.php?rest_route=%2Fwp%2Fv2%2Fcomments&post=10001"}],"version-history":[{"count":1,"href":"https:\/\/hdpnoticias.com.ar\/index.php?rest_route=\/wp\/v2\/posts\/10001\/revisions"}],"predecessor-version":[{"id":10003,"href":"https:\/\/hdpnoticias.com.ar\/index.php?rest_route=\/wp\/v2\/posts\/10001\/revisions\/10003"}],"wp:featuredmedia":[{"embeddable":true,"href":"https:\/\/hdpnoticias.com.ar\/index.php?rest_route=\/wp\/v2\/media\/10002"}],"wp:attachment":[{"href":"https:\/\/hdpnoticias.com.ar\/index.php?rest_route=%2Fwp%2Fv2%2Fmedia&parent=10001"}],"wp:term":[{"taxonomy":"category","embeddable":true,"href":"https:\/\/hdpnoticias.com.ar\/index.php?rest_route=%2Fwp%2Fv2%2Fcategories&post=10001"},{"taxonomy":"post_tag","embeddable":true,"href":"https:\/\/hdpnoticias.com.ar\/index.php?rest_route=%2Fwp%2Fv2%2Ftags&post=10001"}],"curies":[{"name":"wp","href":"https:\/\/api.w.org\/{rel}","templated":true}]}}