{"id":9968,"date":"2025-01-15T22:15:00","date_gmt":"2025-01-16T01:15:00","guid":{"rendered":"https:\/\/hdpnoticias.com.ar\/?p=9968"},"modified":"2025-01-15T22:15:05","modified_gmt":"2025-01-16T01:15:05","slug":"magda-reunio-al-consejo-del-pj-a-un-sector-no-le-importa-la-opinion-de-los-afiliados","status":"publish","type":"post","link":"http:\/\/hdpnoticias.com.ar\/?p=9968","title":{"rendered":"Magda reuni\u00f3 al Consejo del PJ: A un sector no le importa la opini\u00f3n de los afiliados"},"content":{"rendered":"\n<figure class=\"wp-block-image size-full\"><img loading=\"lazy\" decoding=\"async\" width=\"720\" height=\"90\" src=\"http:\/\/hdpnoticias.com.ar\/wp-content\/uploads\/2024\/05\/Copy-of-720x90-1.gif\" alt=\"\" class=\"wp-image-6806\"\/><\/figure>\n\n\n\n<p>La intendente de Barranqueras: Magda Ayala, en su car\u00e1cter de vicepresidente del Consejo Provincial del Partido Justicialista, encabez\u00f3 este mi\u00e9rcoles una reuni\u00f3n del cuerpo, convocada apenas un d\u00eda antes, para debatir sobre la posibilidad del llamado a elecciones internas.<\/p>\n\n\n\n<p>El car\u00e1cter urgente del encuentro se debi\u00f3 al vencimiento de los plazos para la convocatoria a elecciones internas de candidatos a diputados provinciales para las generales del 11 de mayo. Este t\u00e9rmino, seg\u00fan dijo, operaba este 15 de enero, y no el pasado 8, como expresara el sector vinculado al exgobernador y titular partidario Jorge Capitanich.<\/p>\n\n\n\n<p>&#8220;Fue un acta declarativa&#8221;, dijo sobre la postura del coquismo rechazando su llamado al Consejo y responsabilizando al gobernador Leandro Zdero por el &#8220;adelantamiento&#8221; de las elecciones, culp\u00e1ndolo de haberle acotado demasiado el cronograma interno.<\/p>\n\n\n\n<p>\u201cEst\u00e1 claro que no hubo voluntad de llamar a internas para que sean los afiliados quienes elijan a sus representantes\u201d, dijo Ayala, y justific\u00f3 su intervenci\u00f3n en la \u201cfalta de respuesta\u201d de la m\u00e1xima autoridad del PJ, del quien siquiera se conoce el paradero.<\/p>\n\n\n\n<p>Como conclusi\u00f3n del encuentro, destac\u00f3 la apertura de \u201cun debate que estuvo ausente durante a\u00f1os en el peronismo\u201d. Para ella, \u201cest\u00e1 m\u00e1s que claro que hay un sector del partido al que no le importa la opini\u00f3n de los afiliados\u201d.<\/p>\n\n\n\n<p>A partir de ahora, y ante la imposibilidad definitiva de celebrar elecciones internas, plantear\u00e1n al Congreso Provincial \u201cuna herramienta que permita la participaci\u00f3n de todos los sectores en igualdad de condiciones\u201d en las elecciones de mayo: \u201cQueremos que todos podamos llevar el se{lo del PJ o que no lo lleve nadie\u201d, dijo, ratificando la voluntad del sector que ella integra, de presentar una propuesta electoral propia.<\/p>\n","protected":false},"excerpt":{"rendered":"<p>La intendente de Barranqueras: Magda Ayala, en su car\u00e1cter de vicepresidente del Consejo Provincial del Partido Justicialista, encabez\u00f3 este mi\u00e9rcoles una reuni\u00f3n del cuerpo, convocada apenas un d\u00eda antes, para debatir sobre la posibilidad del llamado a elecciones internas. El car\u00e1cter urgente del encuentro se debi\u00f3 al vencimiento de los plazos para la convocatoria a [&hellip;]<\/p>\n","protected":false},"author":1,"featured_media":9969,"comment_status":"open","ping_status":"open","sticky":false,"template":"","format":"standard","meta":{"footnotes":""},"categories":[27],"tags":[392,29,250,246,247,1707,1881,248,921],"class_list":["post-9968","post","type-post","status-publish","format-standard","has-post-thumbnail","hentry","category-politica","tag-ayala","tag-capitanich","tag-consejo","tag-elecciones","tag-internas","tag-justicialista","tag-magda","tag-pj","tag-zdero"],"_links":{"self":[{"href":"http:\/\/hdpnoticias.com.ar\/index.php?rest_route=\/wp\/v2\/posts\/9968","targetHints":{"allow":["GET"]}}],"collection":[{"href":"http:\/\/hdpnoticias.com.ar\/index.php?rest_route=\/wp\/v2\/posts"}],"about":[{"href":"http:\/\/hdpnoticias.com.ar\/index.php?rest_route=\/wp\/v2\/types\/post"}],"author":[{"embeddable":true,"href":"http:\/\/hdpnoticias.com.ar\/index.php?rest_route=\/wp\/v2\/users\/1"}],"replies":[{"embeddable":true,"href":"http:\/\/hdpnoticias.com.ar\/index.php?rest_route=%2Fwp%2Fv2%2Fcomments&post=9968"}],"version-history":[{"count":1,"href":"http:\/\/hdpnoticias.com.ar\/index.php?rest_route=\/wp\/v2\/posts\/9968\/revisions"}],"predecessor-version":[{"id":9970,"href":"http:\/\/hdpnoticias.com.ar\/index.php?rest_route=\/wp\/v2\/posts\/9968\/revisions\/9970"}],"wp:featuredmedia":[{"embeddable":true,"href":"http:\/\/hdpnoticias.com.ar\/index.php?rest_route=\/wp\/v2\/media\/9969"}],"wp:attachment":[{"href":"http:\/\/hdpnoticias.com.ar\/index.php?rest_route=%2Fwp%2Fv2%2Fmedia&parent=9968"}],"wp:term":[{"taxonomy":"category","embeddable":true,"href":"http:\/\/hdpnoticias.com.ar\/index.php?rest_route=%2Fwp%2Fv2%2Fcategories&post=9968"},{"taxonomy":"post_tag","embeddable":true,"href":"http:\/\/hdpnoticias.com.ar\/index.php?rest_route=%2Fwp%2Fv2%2Ftags&post=9968"}],"curies":[{"name":"wp","href":"https:\/\/api.w.org\/{rel}","templated":true}]}}