{"id":9932,"date":"2025-01-12T22:25:58","date_gmt":"2025-01-13T01:25:58","guid":{"rendered":"https:\/\/hdpnoticias.com.ar\/?p=9932"},"modified":"2025-01-12T22:28:45","modified_gmt":"2025-01-13T01:28:45","slug":"robo-2-trailers-el-mismo-dia-lo-detuvieron-2-veces","status":"publish","type":"post","link":"http:\/\/hdpnoticias.com.ar\/?p=9932","title":{"rendered":"Rob\u00f3 2 tr\u00e1ilers el viernes y lo detuvieron 2 veces el fin de semana"},"content":{"rendered":"\n<figure class=\"wp-block-image size-full\"><img loading=\"lazy\" decoding=\"async\" width=\"720\" height=\"90\" src=\"http:\/\/hdpnoticias.com.ar\/wp-content\/uploads\/2024\/05\/Obras-Publicas.gif\" alt=\"\" class=\"wp-image-6818\"\/><\/figure>\n\n\n\n<p>Un hombre de 60 a\u00f1os denunci\u00f3 el robo de un tr\u00e1iler de 1,5 metros de ancho y 3 metros de largo, que estaba estacionado en la avenida Paraguay al 4400, en Barranqueras, la madrugada del \u00faltimo viernes 10 de diciembre.<\/p>\n\n\n\n<p>Los investigadores relevaron las grabaciones de las c\u00e1maras de seguridad de la zona y observaron una camioneta Isuzu azul, cabina simple, remolc\u00e1ndolo ese d\u00eda a las 3:40, aproximadamente.<\/p>\n\n\n\n<p>As\u00ed lograron identificar el veh\u00edculo y a su propietario: Horacio Buyatti. Con esta informaci\u00f3n, este domingo supieron que el mismo sujeto ya hab\u00eda sido aprehendido el s\u00e1bado por efectivos de la Divisi\u00f3n Investigaciones por el robo de otro tr\u00e1iler, el mismo d\u00eda, aunque ya hab\u00eda recuperado la libertad.<\/p>\n\n\n\n<p>La suma de las situaciones hizo que la fiscal Ingrid Wenner ordene su detenci\u00f3n y el secuestro de la camioneta. La Polic\u00eda lo encontr\u00f3 en su casa de la calle Asunci\u00f3n, en Barranqueras, donde adem\u00e1s de la Isuzu azul, recogieron una Zanella ZB de 110cc.<\/p>\n","protected":false},"excerpt":{"rendered":"<p>Un hombre de 60 a\u00f1os denunci\u00f3 el robo de un tr\u00e1iler de 1,5 metros de ancho y 3 metros de largo, que estaba estacionado en la avenida Paraguay al 4400, en Barranqueras, la madrugada del \u00faltimo viernes 10 de diciembre. Los investigadores relevaron las grabaciones de las c\u00e1maras de seguridad de la zona y observaron [&hellip;]<\/p>\n","protected":false},"author":1,"featured_media":9933,"comment_status":"open","ping_status":"open","sticky":false,"template":"","format":"standard","meta":{"footnotes":""},"categories":[26],"tags":[4507,53,2788,4508,57,4509],"class_list":["post-9932","post","type-post","status-publish","format-standard","has-post-thumbnail","hentry","category-policiales","tag-acopladito","tag-barranqueras","tag-investigaciones","tag-isuzu","tag-robo","tag-trailer"],"_links":{"self":[{"href":"http:\/\/hdpnoticias.com.ar\/index.php?rest_route=\/wp\/v2\/posts\/9932","targetHints":{"allow":["GET"]}}],"collection":[{"href":"http:\/\/hdpnoticias.com.ar\/index.php?rest_route=\/wp\/v2\/posts"}],"about":[{"href":"http:\/\/hdpnoticias.com.ar\/index.php?rest_route=\/wp\/v2\/types\/post"}],"author":[{"embeddable":true,"href":"http:\/\/hdpnoticias.com.ar\/index.php?rest_route=\/wp\/v2\/users\/1"}],"replies":[{"embeddable":true,"href":"http:\/\/hdpnoticias.com.ar\/index.php?rest_route=%2Fwp%2Fv2%2Fcomments&post=9932"}],"version-history":[{"count":2,"href":"http:\/\/hdpnoticias.com.ar\/index.php?rest_route=\/wp\/v2\/posts\/9932\/revisions"}],"predecessor-version":[{"id":9936,"href":"http:\/\/hdpnoticias.com.ar\/index.php?rest_route=\/wp\/v2\/posts\/9932\/revisions\/9936"}],"wp:featuredmedia":[{"embeddable":true,"href":"http:\/\/hdpnoticias.com.ar\/index.php?rest_route=\/wp\/v2\/media\/9933"}],"wp:attachment":[{"href":"http:\/\/hdpnoticias.com.ar\/index.php?rest_route=%2Fwp%2Fv2%2Fmedia&parent=9932"}],"wp:term":[{"taxonomy":"category","embeddable":true,"href":"http:\/\/hdpnoticias.com.ar\/index.php?rest_route=%2Fwp%2Fv2%2Fcategories&post=9932"},{"taxonomy":"post_tag","embeddable":true,"href":"http:\/\/hdpnoticias.com.ar\/index.php?rest_route=%2Fwp%2Fv2%2Ftags&post=9932"}],"curies":[{"name":"wp","href":"https:\/\/api.w.org\/{rel}","templated":true}]}}