{"id":9925,"date":"2025-01-12T12:29:07","date_gmt":"2025-01-12T15:29:07","guid":{"rendered":"https:\/\/hdpnoticias.com.ar\/?p=9925"},"modified":"2025-02-07T06:24:23","modified_gmt":"2025-02-07T09:24:23","slug":"adolescente-de-13-anos-murio-en-accidente-en-la-ruta-89","status":"publish","type":"post","link":"http:\/\/hdpnoticias.com.ar\/?p=9925","title":{"rendered":"Una adolescente de 13 a\u00f1os muri\u00f3 en accidente en la ruta 89"},"content":{"rendered":"\n<figure class=\"wp-block-image size-full\"><img loading=\"lazy\" decoding=\"async\" width=\"720\" height=\"90\" src=\"http:\/\/hdpnoticias.com.ar\/wp-content\/uploads\/2024\/05\/Copy-of-720x90-1.gif\" alt=\"\" class=\"wp-image-6806\"\/><\/figure>\n\n\n\n<p>El amanecer de este domingo la ruta 89 fue escenario de otro accidente fatal, esta vez en el kil\u00f3metro 205, en inmediaciones de Campo Largo.<\/p>\n\n\n\n<p>Una VW Sur\u00e1n, conducida por un hombre de 48 a\u00f1os domiciliado en Corrientes, embisti\u00f3 desde atr\u00e1s a una Motomel de 150cc, en la que viajaban un hombre de 61 a\u00f1os, una mujer de 46 y su hija adolescente de 13.<\/p>\n\n\n\n<p>Producto del impacto, la moto rod\u00f3 y sus ocupantes cayeron al pavimento y la menor: Magal\u00ed Pogonza, fue arrollada por el veh\u00edculo y muri\u00f3 en el acto.<\/p>\n\n\n\n<p>La pareja de motociclistas fue auxiliada y trasladada a un centro asistencial.<\/p>\n","protected":false},"excerpt":{"rendered":"<p>El amanecer de este domingo la ruta 89 fue escenario de otro accidente fatal, esta vez en el kil\u00f3metro 205, en inmediaciones de Campo Largo. Una VW Sur\u00e1n, conducida por un hombre de 48 a\u00f1os domiciliado en Corrientes, embisti\u00f3 desde atr\u00e1s a una Motomel de 150cc, en la que viajaban un hombre de 61 a\u00f1os, [&hellip;]<\/p>\n","protected":false},"author":1,"featured_media":9926,"comment_status":"open","ping_status":"open","sticky":false,"template":"","format":"standard","meta":{"footnotes":""},"categories":[26],"tags":[2620,903,78,94,1301,100,89],"class_list":["post-9925","post","type-post","status-publish","format-standard","has-post-thumbnail","hentry","category-policiales","tag-campo-largo","tag-motociclistas","tag-motomel","tag-ruta-89","tag-suran","tag-tragedia","tag-vw"],"_links":{"self":[{"href":"http:\/\/hdpnoticias.com.ar\/index.php?rest_route=\/wp\/v2\/posts\/9925","targetHints":{"allow":["GET"]}}],"collection":[{"href":"http:\/\/hdpnoticias.com.ar\/index.php?rest_route=\/wp\/v2\/posts"}],"about":[{"href":"http:\/\/hdpnoticias.com.ar\/index.php?rest_route=\/wp\/v2\/types\/post"}],"author":[{"embeddable":true,"href":"http:\/\/hdpnoticias.com.ar\/index.php?rest_route=\/wp\/v2\/users\/1"}],"replies":[{"embeddable":true,"href":"http:\/\/hdpnoticias.com.ar\/index.php?rest_route=%2Fwp%2Fv2%2Fcomments&post=9925"}],"version-history":[{"count":2,"href":"http:\/\/hdpnoticias.com.ar\/index.php?rest_route=\/wp\/v2\/posts\/9925\/revisions"}],"predecessor-version":[{"id":9928,"href":"http:\/\/hdpnoticias.com.ar\/index.php?rest_route=\/wp\/v2\/posts\/9925\/revisions\/9928"}],"wp:featuredmedia":[{"embeddable":true,"href":"http:\/\/hdpnoticias.com.ar\/index.php?rest_route=\/wp\/v2\/media\/9926"}],"wp:attachment":[{"href":"http:\/\/hdpnoticias.com.ar\/index.php?rest_route=%2Fwp%2Fv2%2Fmedia&parent=9925"}],"wp:term":[{"taxonomy":"category","embeddable":true,"href":"http:\/\/hdpnoticias.com.ar\/index.php?rest_route=%2Fwp%2Fv2%2Fcategories&post=9925"},{"taxonomy":"post_tag","embeddable":true,"href":"http:\/\/hdpnoticias.com.ar\/index.php?rest_route=%2Fwp%2Fv2%2Ftags&post=9925"}],"curies":[{"name":"wp","href":"https:\/\/api.w.org\/{rel}","templated":true}]}}