{"id":9634,"date":"2024-12-12T22:57:00","date_gmt":"2024-12-13T01:57:00","guid":{"rendered":"https:\/\/hdpnoticias.com.ar\/?p=9634"},"modified":"2024-12-13T07:03:54","modified_gmt":"2024-12-13T10:03:54","slug":"el-clan-sena-volvera-a-reunirse-para-celebrar-el-cumple-de-cesar","status":"publish","type":"post","link":"http:\/\/hdpnoticias.com.ar\/?p=9634","title":{"rendered":"El Clan Sena volver\u00e1 a reunirse para celebrar el cumple de C\u00e9sar"},"content":{"rendered":"\n<figure class=\"wp-block-image size-full\"><img loading=\"lazy\" decoding=\"async\" width=\"720\" height=\"90\" src=\"http:\/\/hdpnoticias.com.ar\/wp-content\/uploads\/2024\/05\/Obras-Publicas.gif\" alt=\"\" class=\"wp-image-6818\"\/><\/figure>\n\n\n\n<p>Los dirigentes sociales Emerenciano Sena y Marcela Acu\u00f1a, detenidos imputados de coautores del femicidio de su nuera Cecilia Strzyzowski, de 28 a\u00f1os, se reencontrar\u00e1n en prisi\u00f3n con su hijo C\u00e9sar, acusado de autor del crimen, el d\u00eda de su cumplea\u00f1os, por disposici\u00f3n de la jueza Dolly Fern\u00e1ndez.<\/p>\n\n\n\n<p>Este s\u00e1bado 14 de diciembre C\u00e9sar Sena cumple 21 a\u00f1os, y la \u00faltima semana su madre hab\u00eda reclamado a la jueza la posibilidad de restablecer un r\u00e9gimen de visitas que permita la revinculaci\u00f3n familiar, despu\u00e9s de aquella autorizaci\u00f3n de la jueza Mar\u00eda Pereyra, concedida un a\u00f1o atr\u00e1s y que finalmente qued\u00f3 sin efecto por la oposici\u00f3n del Equipo Fiscal Especial y la querella.<\/p>\n\n\n\n<p>Marcela hab\u00eda pedido que el primero de los contactos sea justamente el d\u00eda del cumplea\u00f1os de C\u00e9sar, y que estos encuentros con \u00e9ste y su esposo se repitan cada 2 semanas por espacio de 3 horas. Y aleg\u00f3 que tras la clausura de la investigaci\u00f3n penal preparatoria y la elevaci\u00f3n a juicio de la causa ces\u00f3 el riesgo procesal se\u00f1alado por los fiscales.<\/p>\n\n\n\n<p>Ahora la magistrada accedi\u00f3 fundamentando que la privaci\u00f3n de la libertad no implica la privaci\u00f3n de otros derechos como el contacto familiar, fundamental para la resocializaci\u00f3n de los detenidos. Y que, independientemente de la raz\u00f3n por la que est\u00e1n detenidos, merecen un trato con humanidad.<\/p>\n\n\n\n<p>Paralelamente, tambi\u00e9n orden\u00f3 el cese de la restricci\u00f3n que imped\u00eda a Emerenciano y C\u00e9sar reunirse en el patio de la Alcaid\u00eda, por lo que el contacto entre ellos podr\u00e1 ser m\u00e1s fluido que el que mantendr\u00e1n con Marcela, detenida en la Unidad Penitenciaria de Mujeres del barrio Don Santiago.<\/p>\n","protected":false},"excerpt":{"rendered":"<p>Los dirigentes sociales Emerenciano Sena y Marcela Acu\u00f1a, detenidos imputados de coautores del femicidio de su nuera Cecilia Strzyzowski, de 28 a\u00f1os, se reencontrar\u00e1n en prisi\u00f3n con su hijo C\u00e9sar, acusado de autor del crimen, el d\u00eda de su cumplea\u00f1os, por disposici\u00f3n de la jueza Dolly Fern\u00e1ndez. Este s\u00e1bado 14 de diciembre C\u00e9sar Sena cumple [&hellip;]<\/p>\n","protected":false},"author":1,"featured_media":2569,"comment_status":"open","ping_status":"open","sticky":false,"template":"","format":"standard","meta":{"footnotes":""},"categories":[26],"tags":[1813,1812,2012,87,793,409,1787,1854],"class_list":["post-9634","post","type-post","status-publish","format-standard","has-post-thumbnail","hentry","category-policiales","tag-cecilia","tag-cesar","tag-clan","tag-crimen","tag-emerenciano","tag-femicidio","tag-marcela","tag-strzyzowski"],"_links":{"self":[{"href":"http:\/\/hdpnoticias.com.ar\/index.php?rest_route=\/wp\/v2\/posts\/9634","targetHints":{"allow":["GET"]}}],"collection":[{"href":"http:\/\/hdpnoticias.com.ar\/index.php?rest_route=\/wp\/v2\/posts"}],"about":[{"href":"http:\/\/hdpnoticias.com.ar\/index.php?rest_route=\/wp\/v2\/types\/post"}],"author":[{"embeddable":true,"href":"http:\/\/hdpnoticias.com.ar\/index.php?rest_route=\/wp\/v2\/users\/1"}],"replies":[{"embeddable":true,"href":"http:\/\/hdpnoticias.com.ar\/index.php?rest_route=%2Fwp%2Fv2%2Fcomments&post=9634"}],"version-history":[{"count":1,"href":"http:\/\/hdpnoticias.com.ar\/index.php?rest_route=\/wp\/v2\/posts\/9634\/revisions"}],"predecessor-version":[{"id":9635,"href":"http:\/\/hdpnoticias.com.ar\/index.php?rest_route=\/wp\/v2\/posts\/9634\/revisions\/9635"}],"wp:featuredmedia":[{"embeddable":true,"href":"http:\/\/hdpnoticias.com.ar\/index.php?rest_route=\/wp\/v2\/media\/2569"}],"wp:attachment":[{"href":"http:\/\/hdpnoticias.com.ar\/index.php?rest_route=%2Fwp%2Fv2%2Fmedia&parent=9634"}],"wp:term":[{"taxonomy":"category","embeddable":true,"href":"http:\/\/hdpnoticias.com.ar\/index.php?rest_route=%2Fwp%2Fv2%2Fcategories&post=9634"},{"taxonomy":"post_tag","embeddable":true,"href":"http:\/\/hdpnoticias.com.ar\/index.php?rest_route=%2Fwp%2Fv2%2Ftags&post=9634"}],"curies":[{"name":"wp","href":"https:\/\/api.w.org\/{rel}","templated":true}]}}