{"id":9536,"date":"2024-12-04T20:29:31","date_gmt":"2024-12-04T23:29:31","guid":{"rendered":"https:\/\/hdpnoticias.com.ar\/?p=9536"},"modified":"2024-12-04T20:29:34","modified_gmt":"2024-12-04T23:29:34","slug":"municipal-de-barranqueras-amenazo-matar-a-la-intendente-y-suicidarse","status":"publish","type":"post","link":"http:\/\/hdpnoticias.com.ar\/?p=9536","title":{"rendered":"Municipal de Barranqueras amenaz\u00f3 matar a la intendente y suicidarse"},"content":{"rendered":"\n<figure class=\"wp-block-image size-full\"><img loading=\"lazy\" decoding=\"async\" width=\"728\" height=\"90\" src=\"http:\/\/hdpnoticias.com.ar\/wp-content\/uploads\/2024\/05\/Nachec.gif\" alt=\"\" class=\"wp-image-6814\"\/><\/figure>\n\n\n\n<p>Un empleado de la Municipalidad de Barranqueras fue detenido este mi\u00e9rcoles sindicado como el autor de una larga serie de amenazas de muerte contra la intendente Magda Ayala, alterado porque llevaba ya bastante tiempo reclamando una bonificaci\u00f3n.<\/p>\n\n\n\n<p>El hombre, que presta servicios de seguridad en el Mercado Popular de las avenidas Castelli y Nicol\u00e1s Rojas Acosta, envi\u00f3 audios de WhatsApp al jefe de Seguridad de la Municipalidad amenazando con matar a tiros a la intendente y suicidarse.<\/p>\n\n\n\n<p>\u201cLe voy a meter con la 9 en la cabeza o en la boca. Si voy a morir, voy a morir\u201d, \u201c{e voy a mandar foto de la 9 que tengo\u201d, \u201cvoy a ir calladito, con peluca, ni cuenta se van a dar ni ella ni los guardaespaldas\u201d, \u201cle voy a hacer, y me voy a meter un tiro en la cabeza\u201d, son algunos de los mensajes, entre tantos otros del mismo tenor.<\/p>\n\n\n\n<p>Para completar, dijo que ya lleva 3 meses esperando el pago de la bonificaci\u00f3n y que si este mes no cobraba matar\u00eda a la intendente. \u201cNo me importa la intendente. Yo no tengo nada que perder\u201d, remarc\u00f3 al describir que ten\u00eda las armas: \u201cuna 9\u201d y \u201cun 38\u201d, listas para cometer el atentado.<\/p>\n\n\n\n<p>El receptor de los audios inform\u00f3 la situaci\u00f3n a Ayala y el hecho fue notificado al fiscal en turno, que dispuso la detenci\u00f3n del trabajador, de 58 a\u00f1os.<\/p>\n","protected":false},"excerpt":{"rendered":"<p>Un empleado de la Municipalidad de Barranqueras fue detenido este mi\u00e9rcoles sindicado como el autor de una larga serie de amenazas de muerte contra la intendente Magda Ayala, alterado porque llevaba ya bastante tiempo reclamando una bonificaci\u00f3n. El hombre, que presta servicios de seguridad en el Mercado Popular de las avenidas Castelli y Nicol\u00e1s Rojas [&hellip;]<\/p>\n","protected":false},"author":1,"featured_media":9537,"comment_status":"open","ping_status":"open","sticky":false,"template":"","format":"standard","meta":{"footnotes":""},"categories":[26,27],"tags":[1696,392,4374,1881,1476],"class_list":["post-9536","post","type-post","status-publish","format-standard","has-post-thumbnail","hentry","category-policiales","category-politica","tag-amenaza","tag-ayala","tag-bonificacion","tag-magda","tag-municipal"],"_links":{"self":[{"href":"http:\/\/hdpnoticias.com.ar\/index.php?rest_route=\/wp\/v2\/posts\/9536","targetHints":{"allow":["GET"]}}],"collection":[{"href":"http:\/\/hdpnoticias.com.ar\/index.php?rest_route=\/wp\/v2\/posts"}],"about":[{"href":"http:\/\/hdpnoticias.com.ar\/index.php?rest_route=\/wp\/v2\/types\/post"}],"author":[{"embeddable":true,"href":"http:\/\/hdpnoticias.com.ar\/index.php?rest_route=\/wp\/v2\/users\/1"}],"replies":[{"embeddable":true,"href":"http:\/\/hdpnoticias.com.ar\/index.php?rest_route=%2Fwp%2Fv2%2Fcomments&post=9536"}],"version-history":[{"count":1,"href":"http:\/\/hdpnoticias.com.ar\/index.php?rest_route=\/wp\/v2\/posts\/9536\/revisions"}],"predecessor-version":[{"id":9538,"href":"http:\/\/hdpnoticias.com.ar\/index.php?rest_route=\/wp\/v2\/posts\/9536\/revisions\/9538"}],"wp:featuredmedia":[{"embeddable":true,"href":"http:\/\/hdpnoticias.com.ar\/index.php?rest_route=\/wp\/v2\/media\/9537"}],"wp:attachment":[{"href":"http:\/\/hdpnoticias.com.ar\/index.php?rest_route=%2Fwp%2Fv2%2Fmedia&parent=9536"}],"wp:term":[{"taxonomy":"category","embeddable":true,"href":"http:\/\/hdpnoticias.com.ar\/index.php?rest_route=%2Fwp%2Fv2%2Fcategories&post=9536"},{"taxonomy":"post_tag","embeddable":true,"href":"http:\/\/hdpnoticias.com.ar\/index.php?rest_route=%2Fwp%2Fv2%2Ftags&post=9536"}],"curies":[{"name":"wp","href":"https:\/\/api.w.org\/{rel}","templated":true}]}}