{"id":9486,"date":"2024-11-28T09:59:05","date_gmt":"2024-11-28T12:59:05","guid":{"rendered":"https:\/\/hdpnoticias.com.ar\/?p=9486"},"modified":"2024-11-28T09:59:08","modified_gmt":"2024-11-28T12:59:08","slug":"caso-francovich-declararon-la-nulidad-del-requerimiento-de-elevacion-a-juicio","status":"publish","type":"post","link":"http:\/\/hdpnoticias.com.ar\/?p=9486","title":{"rendered":"Caso Francovich: declararon la nulidad del requerimiento de elevaci\u00f3n a juicio"},"content":{"rendered":"\n<figure class=\"wp-block-image size-full\"><img loading=\"lazy\" decoding=\"async\" width=\"720\" height=\"90\" src=\"http:\/\/hdpnoticias.com.ar\/wp-content\/uploads\/2024\/05\/Copy-of-720x90-1.gif\" alt=\"\" class=\"wp-image-6806\"\/><\/figure>\n\n\n\n<p>El Juzgado de Garant\u00edas declar\u00f3 la nulidad del requerimiento de elevaci\u00f3n a juicio presentado por el fiscal de Investigaci\u00f3n Penal 4: Gustavo Valero, el pasado 8 de octubre, en la causa por el asesinato del camionero Fernando Francovich, ocurrido en marzo de 2023 cuando transitaba por la ruta nacional 16.<\/p>\n\n\n\n<p>En su planteo, el fiscal encuadr\u00f3 el hecho como \u201chomicidio triplemente agravado\u201d, e imput\u00f3 a Celestino C\u00e1rdenas como autor y a Oscar C\u00e1rdenas, Mario Jim\u00e9nez y Carlos Banega, como part\u00edcipes primarios.<\/p>\n\n\n\n<p>Los defensores Cristian Arana, Pablo Madzarevich, C\u00e9sar L\u00f3pez y Juan Pokorny objetaron el requerimiento de Valerio y el juez les dio la raz\u00f3n.<\/p>\n\n\n\n<p>El magistrado tach\u00f3 de nulo el planteo del fiscal entendiendo que el hecho imputado no s\u00f3lo no estaba debidamente descripto como exigen las formalidades de rigor, sino que la descripci\u00f3n obrante apuntaba a una figura penal distinta de la imputada.<\/p>\n\n\n\n<p>Adem\u00e1s, esta falencia impide determinar las conductas y el rol atribuidos a los imputados para encuadrar su responsabilidad, lo que afecta el derecho de defensa.<\/p>\n\n\n\n<p>Por esto, el juez conmin\u00f3 al Equipo Fiscal enmendar todos los vicios se\u00f1alados y presentar un nuevo requerimiento.<\/p>\n\n\n\n<p><\/p>\n","protected":false},"excerpt":{"rendered":"<p>El Juzgado de Garant\u00edas declar\u00f3 la nulidad del requerimiento de elevaci\u00f3n a juicio presentado por el fiscal de Investigaci\u00f3n Penal 4: Gustavo Valero, el pasado 8 de octubre, en la causa por el asesinato del camionero Fernando Francovich, ocurrido en marzo de 2023 cuando transitaba por la ruta nacional 16. En su planteo, el fiscal [&hellip;]<\/p>\n","protected":false},"author":1,"featured_media":1484,"comment_status":"open","ping_status":"open","sticky":false,"template":"","format":"standard","meta":{"footnotes":""},"categories":[26],"tags":[158,87,1031,95,595,717],"class_list":["post-9486","post","type-post","status-publish","format-standard","has-post-thumbnail","hentry","category-policiales","tag-camionero","tag-crimen","tag-francovich","tag-saenz-pena","tag-valero","tag-villa-ocampo"],"_links":{"self":[{"href":"http:\/\/hdpnoticias.com.ar\/index.php?rest_route=\/wp\/v2\/posts\/9486","targetHints":{"allow":["GET"]}}],"collection":[{"href":"http:\/\/hdpnoticias.com.ar\/index.php?rest_route=\/wp\/v2\/posts"}],"about":[{"href":"http:\/\/hdpnoticias.com.ar\/index.php?rest_route=\/wp\/v2\/types\/post"}],"author":[{"embeddable":true,"href":"http:\/\/hdpnoticias.com.ar\/index.php?rest_route=\/wp\/v2\/users\/1"}],"replies":[{"embeddable":true,"href":"http:\/\/hdpnoticias.com.ar\/index.php?rest_route=%2Fwp%2Fv2%2Fcomments&post=9486"}],"version-history":[{"count":1,"href":"http:\/\/hdpnoticias.com.ar\/index.php?rest_route=\/wp\/v2\/posts\/9486\/revisions"}],"predecessor-version":[{"id":9487,"href":"http:\/\/hdpnoticias.com.ar\/index.php?rest_route=\/wp\/v2\/posts\/9486\/revisions\/9487"}],"wp:featuredmedia":[{"embeddable":true,"href":"http:\/\/hdpnoticias.com.ar\/index.php?rest_route=\/wp\/v2\/media\/1484"}],"wp:attachment":[{"href":"http:\/\/hdpnoticias.com.ar\/index.php?rest_route=%2Fwp%2Fv2%2Fmedia&parent=9486"}],"wp:term":[{"taxonomy":"category","embeddable":true,"href":"http:\/\/hdpnoticias.com.ar\/index.php?rest_route=%2Fwp%2Fv2%2Fcategories&post=9486"},{"taxonomy":"post_tag","embeddable":true,"href":"http:\/\/hdpnoticias.com.ar\/index.php?rest_route=%2Fwp%2Fv2%2Ftags&post=9486"}],"curies":[{"name":"wp","href":"https:\/\/api.w.org\/{rel}","templated":true}]}}