{"id":9379,"date":"2024-11-19T15:46:22","date_gmt":"2024-11-19T18:46:22","guid":{"rendered":"https:\/\/hdpnoticias.com.ar\/?p=9379"},"modified":"2024-11-19T15:46:24","modified_gmt":"2024-11-19T18:46:24","slug":"ahora-si-habilitaron-la-estacion-intermedia-de-micros-de-barranqueras","status":"publish","type":"post","link":"http:\/\/hdpnoticias.com.ar\/?p=9379","title":{"rendered":"Ahora s\u00ed: habilitaron la Estaci\u00f3n Intermedia de Micros de Barranqueras"},"content":{"rendered":"\n<figure class=\"wp-block-image size-full\"><img loading=\"lazy\" decoding=\"async\" width=\"720\" height=\"90\" src=\"http:\/\/hdpnoticias.com.ar\/wp-content\/uploads\/2024\/05\/Obras-Publicas.gif\" alt=\"\" class=\"wp-image-6818\"\/><\/figure>\n\n\n\n<p>El 9 de septiembre de 2023, una semana antes de las elecciones gubernamentales, apurado por el plazo que prohib\u00eda difundir actos de gobierno, el gobernador Jorge Capitanich encabez\u00f3 junto a su ministro de Planificaci\u00f3n, Econom\u00eda e Infraestructura y primer candidato a diputado provincial: Santiago P\u00e9rez Pons, la Estaci\u00f3n Intermedia de Micros de Barranqueras. Tambi\u00e9n particip\u00f3 del acto la intendente Magda Ayala.<\/p>\n\n\n\n<p>La obra ten\u00eda un presupuesto de 229 millones, y en ese momento se precis\u00f3 oficialmente que el 84% fue financiado por la Naci\u00f3n, mientras la Provincia deb\u00eda aportar el 16% restante, destinado a obras complementarias, principalmente de infraestructura como servicios y accesibilidad.<\/p>\n\n\n\n<p>La intendente celebr\u00f3 la construcci\u00f3n del edificio largamente anhelado por su comunidad. Sin embargo hab\u00eda cuestiones claves pendientes, como la provisi\u00f3n de agua potable, lo que fue advertida por la Municipalidad reci\u00e9n despu\u00e9s de la recepci\u00f3n formal del edificio.<\/p>\n\n\n\n<p>\u201cNo es un detalle menor. No podemos habilitar el edificio sin agua\u201d, hab\u00eda planteado al anunciar que estaba abocada a resolver la situaci\u00f3n con la asistencia de la Provincia.<\/p>\n\n\n\n<p>El proyecto fue finalmente completado con el montaje de un tanque elevado y las instalaciones de abastecimiento y bombeo para garantizar el funcionamiento del sistema. Se construyeron adem\u00e1s espacios necesarios para asegurar la operatividad.<\/p>\n\n\n\n<p>Cumplido eso, la ma\u00f1ana de este martes Ayala encabez\u00f3 la \u201cpuesta en servicio\u201d de la Estaci\u00f3n Intermedia de Micros de la ciudad portuaria, junto al gobernador Leandro Zdero, que plante\u00f3 la posibilidad de sumar d\u00e1rsenas a las 3 actuales, para incrementar la actividad.<\/p>\n","protected":false},"excerpt":{"rendered":"<p>El 9 de septiembre de 2023, una semana antes de las elecciones gubernamentales, apurado por el plazo que prohib\u00eda difundir actos de gobierno, el gobernador Jorge Capitanich encabez\u00f3 junto a su ministro de Planificaci\u00f3n, Econom\u00eda e Infraestructura y primer candidato a diputado provincial: Santiago P\u00e9rez Pons, la Estaci\u00f3n Intermedia de Micros de Barranqueras. Tambi\u00e9n particip\u00f3 [&hellip;]<\/p>\n","protected":false},"author":1,"featured_media":9380,"comment_status":"open","ping_status":"open","sticky":false,"template":"","format":"standard","meta":{"footnotes":""},"categories":[6],"tags":[53,29,4333,1881,235,921],"class_list":["post-9379","post","type-post","status-publish","format-standard","has-post-thumbnail","hentry","category-info-general","tag-barranqueras","tag-capitanich","tag-estacion-intermedia","tag-magda","tag-perez-pons","tag-zdero"],"_links":{"self":[{"href":"http:\/\/hdpnoticias.com.ar\/index.php?rest_route=\/wp\/v2\/posts\/9379","targetHints":{"allow":["GET"]}}],"collection":[{"href":"http:\/\/hdpnoticias.com.ar\/index.php?rest_route=\/wp\/v2\/posts"}],"about":[{"href":"http:\/\/hdpnoticias.com.ar\/index.php?rest_route=\/wp\/v2\/types\/post"}],"author":[{"embeddable":true,"href":"http:\/\/hdpnoticias.com.ar\/index.php?rest_route=\/wp\/v2\/users\/1"}],"replies":[{"embeddable":true,"href":"http:\/\/hdpnoticias.com.ar\/index.php?rest_route=%2Fwp%2Fv2%2Fcomments&post=9379"}],"version-history":[{"count":1,"href":"http:\/\/hdpnoticias.com.ar\/index.php?rest_route=\/wp\/v2\/posts\/9379\/revisions"}],"predecessor-version":[{"id":9381,"href":"http:\/\/hdpnoticias.com.ar\/index.php?rest_route=\/wp\/v2\/posts\/9379\/revisions\/9381"}],"wp:featuredmedia":[{"embeddable":true,"href":"http:\/\/hdpnoticias.com.ar\/index.php?rest_route=\/wp\/v2\/media\/9380"}],"wp:attachment":[{"href":"http:\/\/hdpnoticias.com.ar\/index.php?rest_route=%2Fwp%2Fv2%2Fmedia&parent=9379"}],"wp:term":[{"taxonomy":"category","embeddable":true,"href":"http:\/\/hdpnoticias.com.ar\/index.php?rest_route=%2Fwp%2Fv2%2Fcategories&post=9379"},{"taxonomy":"post_tag","embeddable":true,"href":"http:\/\/hdpnoticias.com.ar\/index.php?rest_route=%2Fwp%2Fv2%2Ftags&post=9379"}],"curies":[{"name":"wp","href":"https:\/\/api.w.org\/{rel}","templated":true}]}}