{"id":9376,"date":"2024-11-18T20:15:25","date_gmt":"2024-11-18T23:15:25","guid":{"rendered":"https:\/\/hdpnoticias.com.ar\/?p=9376"},"modified":"2024-11-18T20:15:27","modified_gmt":"2024-11-18T23:15:27","slug":"oficial-del-spp-presa-por-el-robo-de-una-moto","status":"publish","type":"post","link":"http:\/\/hdpnoticias.com.ar\/?p=9376","title":{"rendered":"Oficial del SPP presa por el robo de una moto"},"content":{"rendered":"\n<figure class=\"wp-block-image size-full\"><img loading=\"lazy\" decoding=\"async\" width=\"728\" height=\"90\" src=\"http:\/\/hdpnoticias.com.ar\/wp-content\/uploads\/2024\/05\/Nachec.gif\" alt=\"\" class=\"wp-image-6814\"\/><\/figure>\n\n\n\n<p>Roc\u00edo Elizabeth Ruiz, de 32 a\u00f1os, empleada del Servicio Penitenciario Provincial con rango de adjutor principal con prestaci\u00f3n de servicio en la Unidad VII de Barranqueras, fue detenida este lunes sindicada como una de las autoras del robo de una motocicleta.<\/p>\n\n\n\n<p>Junto a un c\u00f3mplice se desplazaban en una Rouser Bajaj de 200cc y abordaron a un motociclista al que despojaron de una Zanella ZB y huyeron.<\/p>\n\n\n\n<p>Los delincuentes fueron captados por las c\u00e1maras de seguridad de la zona del atraco, lo que permiti\u00f3 identificarlos.<\/p>\n\n\n\n<p>Tras la detenci\u00f3n de la oficial penitenciaria y el secuestro de la Rouser, buscan a su compinche. Y no se descarta la posibilidad de que hayan cometido otros delitos similares.<\/p>\n","protected":false},"excerpt":{"rendered":"<p>Roc\u00edo Elizabeth Ruiz, de 32 a\u00f1os, empleada del Servicio Penitenciario Provincial con rango de adjutor principal con prestaci\u00f3n de servicio en la Unidad VII de Barranqueras, fue detenida este lunes sindicada como una de las autoras del robo de una motocicleta. Junto a un c\u00f3mplice se desplazaban en una Rouser Bajaj de 200cc y abordaron [&hellip;]<\/p>\n","protected":false},"author":1,"featured_media":9377,"comment_status":"open","ping_status":"open","sticky":false,"template":"","format":"standard","meta":{"footnotes":""},"categories":[26],"tags":[3122,53,92,4331,57,902,2542,4332,1690],"class_list":["post-9376","post","type-post","status-publish","format-standard","has-post-thumbnail","hentry","category-policiales","tag-bajaj","tag-barranqueras","tag-motociclista","tag-ofical","tag-robo","tag-rouser","tag-servicio-penitenciario","tag-zanela","tag-zb"],"_links":{"self":[{"href":"http:\/\/hdpnoticias.com.ar\/index.php?rest_route=\/wp\/v2\/posts\/9376","targetHints":{"allow":["GET"]}}],"collection":[{"href":"http:\/\/hdpnoticias.com.ar\/index.php?rest_route=\/wp\/v2\/posts"}],"about":[{"href":"http:\/\/hdpnoticias.com.ar\/index.php?rest_route=\/wp\/v2\/types\/post"}],"author":[{"embeddable":true,"href":"http:\/\/hdpnoticias.com.ar\/index.php?rest_route=\/wp\/v2\/users\/1"}],"replies":[{"embeddable":true,"href":"http:\/\/hdpnoticias.com.ar\/index.php?rest_route=%2Fwp%2Fv2%2Fcomments&post=9376"}],"version-history":[{"count":1,"href":"http:\/\/hdpnoticias.com.ar\/index.php?rest_route=\/wp\/v2\/posts\/9376\/revisions"}],"predecessor-version":[{"id":9378,"href":"http:\/\/hdpnoticias.com.ar\/index.php?rest_route=\/wp\/v2\/posts\/9376\/revisions\/9378"}],"wp:featuredmedia":[{"embeddable":true,"href":"http:\/\/hdpnoticias.com.ar\/index.php?rest_route=\/wp\/v2\/media\/9377"}],"wp:attachment":[{"href":"http:\/\/hdpnoticias.com.ar\/index.php?rest_route=%2Fwp%2Fv2%2Fmedia&parent=9376"}],"wp:term":[{"taxonomy":"category","embeddable":true,"href":"http:\/\/hdpnoticias.com.ar\/index.php?rest_route=%2Fwp%2Fv2%2Fcategories&post=9376"},{"taxonomy":"post_tag","embeddable":true,"href":"http:\/\/hdpnoticias.com.ar\/index.php?rest_route=%2Fwp%2Fv2%2Ftags&post=9376"}],"curies":[{"name":"wp","href":"https:\/\/api.w.org\/{rel}","templated":true}]}}