{"id":9247,"date":"2024-11-05T21:30:37","date_gmt":"2024-11-06T00:30:37","guid":{"rendered":"http:\/\/hdpnoticias.com.ar\/?p=9247"},"modified":"2024-11-05T21:30:41","modified_gmt":"2024-11-06T00:30:41","slug":"otra-vez-facundo-sampayo-preso-en-causa-por-abuso-de-armas","status":"publish","type":"post","link":"http:\/\/hdpnoticias.com.ar\/?p=9247","title":{"rendered":"Otra vez: Facundo Sampayo preso en causa por abuso de armas"},"content":{"rendered":"\n<figure class=\"wp-block-image size-full\"><img loading=\"lazy\" decoding=\"async\" width=\"720\" height=\"90\" src=\"http:\/\/hdpnoticias.com.ar\/wp-content\/uploads\/2024\/05\/Obras-Publicas.gif\" alt=\"\" class=\"wp-image-6818\"\/><\/figure>\n\n\n\n<p>Facundo Sampayo fue detenido nuevamente en el marco de una causa por abuso de armas, a instancias de la C\u00e1mara Segunda en lo Criminal.<\/p>\n\n\n\n<p>Una comisi\u00f3n policial lo intercept\u00f3 en inmediaciones de su domicilio en la calle Liniers.<\/p>\n\n\n\n<p>Se supo que la orden de detenci\u00f3n fue librada despu\u00e9s de que ignorara la citaci\u00f3n a la audiencia en un proceso que se le sigue por la tenencia ilegal de armas de fuego.<\/p>\n\n\n\n<p>El hecho imputado ocurri\u00f3 en agosto de 2022 en la avenida Castellli, frente al Parque Urbano Tiro Federal, en la zona sur de Resistencia. Hab\u00eda chocado desde atr\u00e1s con su VW Amarok a un Fiat 147 en el que se desplazaba una familia.<\/p>\n\n\n\n<p>Tras el siniestro los testigos advirtieron que intentaba darse a la fuga y se lo impidieron rodeando su veh\u00edculo. Los m\u00e1s exacerbados estuvieron a punto de agredirlo, sobre todo al interpretar que se encontraba bajo los efectos del alcohol o alguna sustancia. En medio del disturbio \u00e9l empu\u00f1\u00f3 una pistola.<\/p>\n\n\n\n<p>La comisi\u00f3n policial que acudi\u00f3 al lugar encontr\u00f3 en la cabina de su camioneta una pistola Bersa Thunder Pro40, y otra Colt calibre 45, ambas con sus cargadores llenos.<\/p>\n","protected":false},"excerpt":{"rendered":"<p>Facundo Sampayo fue detenido nuevamente en el marco de una causa por abuso de armas, a instancias de la C\u00e1mara Segunda en lo Criminal. Una comisi\u00f3n policial lo intercept\u00f3 en inmediaciones de su domicilio en la calle Liniers. Se supo que la orden de detenci\u00f3n fue librada despu\u00e9s de que ignorara la citaci\u00f3n a la [&hellip;]<\/p>\n","protected":false},"author":1,"featured_media":9248,"comment_status":"open","ping_status":"open","sticky":false,"template":"","format":"standard","meta":{"footnotes":""},"categories":[26],"tags":[913,1933,4286,3219,154,3927,49,2211,89,97],"class_list":["post-9247","post","type-post","status-publish","format-standard","has-post-thumbnail","hentry","category-policiales","tag-amarok","tag-bersa","tag-colt","tag-facundo","tag-fiat","tag-pistolas","tag-resistencia","tag-sampayo","tag-vw","tag-zona-sur"],"_links":{"self":[{"href":"http:\/\/hdpnoticias.com.ar\/index.php?rest_route=\/wp\/v2\/posts\/9247","targetHints":{"allow":["GET"]}}],"collection":[{"href":"http:\/\/hdpnoticias.com.ar\/index.php?rest_route=\/wp\/v2\/posts"}],"about":[{"href":"http:\/\/hdpnoticias.com.ar\/index.php?rest_route=\/wp\/v2\/types\/post"}],"author":[{"embeddable":true,"href":"http:\/\/hdpnoticias.com.ar\/index.php?rest_route=\/wp\/v2\/users\/1"}],"replies":[{"embeddable":true,"href":"http:\/\/hdpnoticias.com.ar\/index.php?rest_route=%2Fwp%2Fv2%2Fcomments&post=9247"}],"version-history":[{"count":1,"href":"http:\/\/hdpnoticias.com.ar\/index.php?rest_route=\/wp\/v2\/posts\/9247\/revisions"}],"predecessor-version":[{"id":9249,"href":"http:\/\/hdpnoticias.com.ar\/index.php?rest_route=\/wp\/v2\/posts\/9247\/revisions\/9249"}],"wp:featuredmedia":[{"embeddable":true,"href":"http:\/\/hdpnoticias.com.ar\/index.php?rest_route=\/wp\/v2\/media\/9248"}],"wp:attachment":[{"href":"http:\/\/hdpnoticias.com.ar\/index.php?rest_route=%2Fwp%2Fv2%2Fmedia&parent=9247"}],"wp:term":[{"taxonomy":"category","embeddable":true,"href":"http:\/\/hdpnoticias.com.ar\/index.php?rest_route=%2Fwp%2Fv2%2Fcategories&post=9247"},{"taxonomy":"post_tag","embeddable":true,"href":"http:\/\/hdpnoticias.com.ar\/index.php?rest_route=%2Fwp%2Fv2%2Ftags&post=9247"}],"curies":[{"name":"wp","href":"https:\/\/api.w.org\/{rel}","templated":true}]}}