{"id":7748,"date":"2024-07-09T20:19:27","date_gmt":"2024-07-09T23:19:27","guid":{"rendered":"https:\/\/hdpnoticias.com.ar\/?p=7748"},"modified":"2024-07-09T20:19:30","modified_gmt":"2024-07-09T23:19:30","slug":"camioneta-oficial-protagonizo-un-accidente-en-las-brenas","status":"publish","type":"post","link":"http:\/\/hdpnoticias.com.ar\/?p=7748","title":{"rendered":"Camioneta oficial protagoniz\u00f3 un accidente en Las Bre\u00f1as"},"content":{"rendered":"\n<figure class=\"wp-block-image size-full\"><img loading=\"lazy\" decoding=\"async\" width=\"720\" height=\"90\" src=\"http:\/\/hdpnoticias.com.ar\/wp-content\/uploads\/2024\/05\/Copy-of-720x90-1.gif\" alt=\"\" class=\"wp-image-6806\"\/><\/figure>\n\n\n\n<p>La ma\u00f1ana de este martes una Toyota Hilux del Ministerio de Desarrollo Humano de la Provincia, asignada al plan \u00d1achec, protagoniz\u00f3 un accidente de tr\u00e1nsito en Las Bre\u00f1as.<\/p>\n\n\n\n<p>Era conducida por un hombre de 28 a\u00f1os, acompa\u00f1ado por la coordinadora regional del programa, de 58, cuando en la intersecci\u00f3n de las rutas 89 y 6 se toparon con un VW Gol en el que viajaba una mujer de 44 a\u00f1os.<\/p>\n\n\n\n<p>Producto del impacto, la conductora del auto debi\u00f3 ser asistida y trasladada al hospital en una ambulancia.<\/p>\n\n\n\n<p>El fiscal en turno dispuso la intervenci\u00f3n de peritos del Gabinete Cient\u00edfico para determinar la mec\u00e1nica del siniestro.<\/p>\n","protected":false},"excerpt":{"rendered":"<p>La ma\u00f1ana de este martes una Toyota Hilux del Ministerio de Desarrollo Humano de la Provincia, asignada al plan \u00d1achec, protagoniz\u00f3 un accidente de tr\u00e1nsito en Las Bre\u00f1as. Era conducida por un hombre de 28 a\u00f1os, acompa\u00f1ado por la coordinadora regional del programa, de 58, cuando en la intersecci\u00f3n de las rutas 89 y 6 [&hellip;]<\/p>\n","protected":false},"author":1,"featured_media":7749,"comment_status":"open","ping_status":"open","sticky":false,"template":"","format":"standard","meta":{"footnotes":""},"categories":[26],"tags":[37,3279,605,391,388,3521,4052,94,89],"class_list":["post-7748","post","type-post","status-publish","format-standard","has-post-thumbnail","hentry","category-policiales","tag-chaco","tag-desarrollo-humano","tag-gol","tag-hilux","tag-las-brenas","tag-nachec","tag-royota","tag-ruta-89","tag-vw"],"_links":{"self":[{"href":"http:\/\/hdpnoticias.com.ar\/index.php?rest_route=\/wp\/v2\/posts\/7748","targetHints":{"allow":["GET"]}}],"collection":[{"href":"http:\/\/hdpnoticias.com.ar\/index.php?rest_route=\/wp\/v2\/posts"}],"about":[{"href":"http:\/\/hdpnoticias.com.ar\/index.php?rest_route=\/wp\/v2\/types\/post"}],"author":[{"embeddable":true,"href":"http:\/\/hdpnoticias.com.ar\/index.php?rest_route=\/wp\/v2\/users\/1"}],"replies":[{"embeddable":true,"href":"http:\/\/hdpnoticias.com.ar\/index.php?rest_route=%2Fwp%2Fv2%2Fcomments&post=7748"}],"version-history":[{"count":1,"href":"http:\/\/hdpnoticias.com.ar\/index.php?rest_route=\/wp\/v2\/posts\/7748\/revisions"}],"predecessor-version":[{"id":7750,"href":"http:\/\/hdpnoticias.com.ar\/index.php?rest_route=\/wp\/v2\/posts\/7748\/revisions\/7750"}],"wp:featuredmedia":[{"embeddable":true,"href":"http:\/\/hdpnoticias.com.ar\/index.php?rest_route=\/wp\/v2\/media\/7749"}],"wp:attachment":[{"href":"http:\/\/hdpnoticias.com.ar\/index.php?rest_route=%2Fwp%2Fv2%2Fmedia&parent=7748"}],"wp:term":[{"taxonomy":"category","embeddable":true,"href":"http:\/\/hdpnoticias.com.ar\/index.php?rest_route=%2Fwp%2Fv2%2Fcategories&post=7748"},{"taxonomy":"post_tag","embeddable":true,"href":"http:\/\/hdpnoticias.com.ar\/index.php?rest_route=%2Fwp%2Fv2%2Ftags&post=7748"}],"curies":[{"name":"wp","href":"https:\/\/api.w.org\/{rel}","templated":true}]}}