{"id":7429,"date":"2024-06-13T18:03:44","date_gmt":"2024-06-13T21:03:44","guid":{"rendered":"https:\/\/hdpnoticias.com.ar\/?p=7429"},"modified":"2024-06-13T18:03:47","modified_gmt":"2024-06-13T21:03:47","slug":"guardia-de-casa-de-gobierno-echado-de-la-policia-paseaba-uniformado","status":"publish","type":"post","link":"http:\/\/hdpnoticias.com.ar\/?p=7429","title":{"rendered":"Guardia de Casa de Gobierno echado de la Polic\u00eda paseaba uniformado"},"content":{"rendered":"\n<figure class=\"wp-block-image size-full\"><img loading=\"lazy\" decoding=\"async\" width=\"728\" height=\"90\" src=\"http:\/\/hdpnoticias.com.ar\/wp-content\/uploads\/2024\/05\/Nachec.gif\" alt=\"\" class=\"wp-image-6814\"\/><\/figure>\n\n\n\n<p>Efectivos de la Comisar\u00eda de Puerto Tirol encontraron a un hombre luciendo una chomba de la Polic\u00eda del Chaco y al requerirle la identificaci\u00f3n, exhibi\u00f3 una credencial de la fuerza.<\/p>\n\n\n\n<p>Al corroborar sus datos supieron que se trataba de un expolic\u00eda, de 35 a\u00f1os, que prestaba servicio en la Divisi\u00f3n Guardia de la Casa de Gobierno pero hab\u00eda sido expulsado el pasado 19 de abril, como consecuencia de sucesivas denuncias por violencia de g\u00e9nero.<\/p>\n\n\n\n<p>El pasado 21 de mayo fue notificado de una causa por \u201csupuestas lesiones leves calificadas por el v\u00ednculo\u201d.<\/p>\n\n\n\n<p>Interiorizada de la situaci\u00f3n, la fiscal Ana Gonz\u00e1lez dispuso su detenci\u00f3n por la supuesta usurpaci\u00f3n de autoridad, t\u00edtulo y honores.<\/p>\n","protected":false},"excerpt":{"rendered":"<p>Efectivos de la Comisar\u00eda de Puerto Tirol encontraron a un hombre luciendo una chomba de la Polic\u00eda del Chaco y al requerirle la identificaci\u00f3n, exhibi\u00f3 una credencial de la fuerza. Al corroborar sus datos supieron que se trataba de un expolic\u00eda, de 35 a\u00f1os, que prestaba servicio en la Divisi\u00f3n Guardia de la Casa de [&hellip;]<\/p>\n","protected":false},"author":1,"featured_media":7430,"comment_status":"open","ping_status":"open","sticky":false,"template":"","format":"standard","meta":{"footnotes":""},"categories":[26],"tags":[767,37,55,978,49,548],"class_list":["post-7429","post","type-post","status-publish","format-standard","has-post-thumbnail","hentry","category-policiales","tag-casa-de-gobierno","tag-chaco","tag-policia","tag-puerto-tirol","tag-resistencia","tag-violencia-de-genero"],"_links":{"self":[{"href":"http:\/\/hdpnoticias.com.ar\/index.php?rest_route=\/wp\/v2\/posts\/7429","targetHints":{"allow":["GET"]}}],"collection":[{"href":"http:\/\/hdpnoticias.com.ar\/index.php?rest_route=\/wp\/v2\/posts"}],"about":[{"href":"http:\/\/hdpnoticias.com.ar\/index.php?rest_route=\/wp\/v2\/types\/post"}],"author":[{"embeddable":true,"href":"http:\/\/hdpnoticias.com.ar\/index.php?rest_route=\/wp\/v2\/users\/1"}],"replies":[{"embeddable":true,"href":"http:\/\/hdpnoticias.com.ar\/index.php?rest_route=%2Fwp%2Fv2%2Fcomments&post=7429"}],"version-history":[{"count":1,"href":"http:\/\/hdpnoticias.com.ar\/index.php?rest_route=\/wp\/v2\/posts\/7429\/revisions"}],"predecessor-version":[{"id":7431,"href":"http:\/\/hdpnoticias.com.ar\/index.php?rest_route=\/wp\/v2\/posts\/7429\/revisions\/7431"}],"wp:featuredmedia":[{"embeddable":true,"href":"http:\/\/hdpnoticias.com.ar\/index.php?rest_route=\/wp\/v2\/media\/7430"}],"wp:attachment":[{"href":"http:\/\/hdpnoticias.com.ar\/index.php?rest_route=%2Fwp%2Fv2%2Fmedia&parent=7429"}],"wp:term":[{"taxonomy":"category","embeddable":true,"href":"http:\/\/hdpnoticias.com.ar\/index.php?rest_route=%2Fwp%2Fv2%2Fcategories&post=7429"},{"taxonomy":"post_tag","embeddable":true,"href":"http:\/\/hdpnoticias.com.ar\/index.php?rest_route=%2Fwp%2Fv2%2Ftags&post=7429"}],"curies":[{"name":"wp","href":"https:\/\/api.w.org\/{rel}","templated":true}]}}