{"id":7297,"date":"2024-06-05T08:27:04","date_gmt":"2024-06-05T11:27:04","guid":{"rendered":"https:\/\/hdpnoticias.com.ar\/?p=7297"},"modified":"2024-06-05T08:27:07","modified_gmt":"2024-06-05T11:27:07","slug":"planes-provinciales-la-exministra-de-desarrollo-niega-haber-dejado-miles-de-becarios-fantasmas","status":"publish","type":"post","link":"http:\/\/hdpnoticias.com.ar\/?p=7297","title":{"rendered":"Planes provinciales: la exministra de Desarrollo niega haber dejado miles de becarios fantasmas"},"content":{"rendered":"\n<figure class=\"wp-block-image size-full\"><img loading=\"lazy\" decoding=\"async\" width=\"728\" height=\"90\" src=\"http:\/\/hdpnoticias.com.ar\/wp-content\/uploads\/2024\/05\/Nachec.gif\" alt=\"\" class=\"wp-image-6814\"\/><\/figure>\n\n\n\n<p>La minisstra de Desarrollo Humano: Carina Botteri, reiter\u00f3 el inicio de otra instancia de reempadronamiento para beneficiarios de los planes provinciales Renta M\u00ednima Progresiva y M\u00e1s Inclusi\u00f3n, que comienza este mi\u00e9rcoles y se extender\u00e1 hasta el pr\u00f3ximo domingo.<\/p>\n\n\n\n<p>La gesti\u00f3n es presencial y los interesados deben acudir a dependencias del plan \u00d1achec de 9 a 11 y de 16 a 18. En Resistencia sede de la avenida 25 de Mayo 525.<\/p>\n\n\n\n<p>Esta instancia se abre como consecuencia de la gran cantidad de titulares de las becas que no acudieron a actualizar sus datos en los registros oficiales y que, de no regularizar su situaci\u00f3n, ser\u00e1n dados de baja.<\/p>\n\n\n\n<p>\u201cNo sabemos d\u00f3nde est\u00e1n, o si existen\u201d, dijo la funcionaria sobre los m\u00e1s de 25 mil beneficiarios \u201cfantasmas\u201d.<\/p>\n\n\n\n<p>La exministra de Desarrollo Social: Mar\u00eda P\u00eda Chiaccio Cavana, refut\u00f3 sus expresiones asegurando que no hay beneficiarios \u201cfantasmas\u201d, y que el Ministerio tiene perfectamente registrado todos sus datos y certificadas sus contraprestaciones.<\/p>\n\n\n\n<p>Y al intentar explicar la situaci\u00f3n, dijo que \u201cquiz\u00e1s no hubo suficiente informaci\u00f3n, o est\u00e1n en El Impenetrable o en alg\u00fan lugar donde no hay se\u00f1al para acceder a los medios.<\/p>\n","protected":false},"excerpt":{"rendered":"<p>La minisstra de Desarrollo Humano: Carina Botteri, reiter\u00f3 el inicio de otra instancia de reempadronamiento para beneficiarios de los planes provinciales Renta M\u00ednima Progresiva y M\u00e1s Inclusi\u00f3n, que comienza este mi\u00e9rcoles y se extender\u00e1 hasta el pr\u00f3ximo domingo. La gesti\u00f3n es presencial y los interesados deben acudir a dependencias del plan \u00d1achec de 9 a [&hellip;]<\/p>\n","protected":false},"author":1,"featured_media":7298,"comment_status":"open","ping_status":"open","sticky":false,"template":"","format":"standard","meta":{"footnotes":""},"categories":[27],"tags":[3862,3863,3279,476,3865,3521,769,3864],"class_list":["post-7297","post","type-post","status-publish","format-standard","has-post-thumbnail","hentry","category-politica","tag-botteri","tag-cavana","tag-desarrollo-humano","tag-desarrollo-social","tag-inclusion","tag-nachec","tag-planes","tag-renta"],"_links":{"self":[{"href":"http:\/\/hdpnoticias.com.ar\/index.php?rest_route=\/wp\/v2\/posts\/7297","targetHints":{"allow":["GET"]}}],"collection":[{"href":"http:\/\/hdpnoticias.com.ar\/index.php?rest_route=\/wp\/v2\/posts"}],"about":[{"href":"http:\/\/hdpnoticias.com.ar\/index.php?rest_route=\/wp\/v2\/types\/post"}],"author":[{"embeddable":true,"href":"http:\/\/hdpnoticias.com.ar\/index.php?rest_route=\/wp\/v2\/users\/1"}],"replies":[{"embeddable":true,"href":"http:\/\/hdpnoticias.com.ar\/index.php?rest_route=%2Fwp%2Fv2%2Fcomments&post=7297"}],"version-history":[{"count":1,"href":"http:\/\/hdpnoticias.com.ar\/index.php?rest_route=\/wp\/v2\/posts\/7297\/revisions"}],"predecessor-version":[{"id":7299,"href":"http:\/\/hdpnoticias.com.ar\/index.php?rest_route=\/wp\/v2\/posts\/7297\/revisions\/7299"}],"wp:featuredmedia":[{"embeddable":true,"href":"http:\/\/hdpnoticias.com.ar\/index.php?rest_route=\/wp\/v2\/media\/7298"}],"wp:attachment":[{"href":"http:\/\/hdpnoticias.com.ar\/index.php?rest_route=%2Fwp%2Fv2%2Fmedia&parent=7297"}],"wp:term":[{"taxonomy":"category","embeddable":true,"href":"http:\/\/hdpnoticias.com.ar\/index.php?rest_route=%2Fwp%2Fv2%2Fcategories&post=7297"},{"taxonomy":"post_tag","embeddable":true,"href":"http:\/\/hdpnoticias.com.ar\/index.php?rest_route=%2Fwp%2Fv2%2Ftags&post=7297"}],"curies":[{"name":"wp","href":"https:\/\/api.w.org\/{rel}","templated":true}]}}