{"id":7193,"date":"2024-05-27T18:09:24","date_gmt":"2024-05-27T21:09:24","guid":{"rendered":"https:\/\/hdpnoticias.com.ar\/?p=7193"},"modified":"2024-05-27T18:10:35","modified_gmt":"2024-05-27T21:10:35","slug":"zdero-tendra-su-propia-chaco-solidario-crearan-la-fundacion-soy-chaco","status":"publish","type":"post","link":"http:\/\/hdpnoticias.com.ar\/?p=7193","title":{"rendered":"Zdero tendr\u00e1 su propia \u201cChaco Solidario\u201d: crear\u00e1n la Fundaci\u00f3n Soy Chaco"},"content":{"rendered":"\n<figure class=\"wp-block-image size-full\"><img loading=\"lazy\" decoding=\"async\" width=\"720\" height=\"90\" src=\"http:\/\/hdpnoticias.com.ar\/wp-content\/uploads\/2024\/05\/Obras-Publicas.gif\" alt=\"\" class=\"wp-image-6818\"\/><\/figure>\n\n\n\n<p>El gobernador Leandro Zdero decidi\u00f3 impulsar la creaci\u00f3n de la \u201cFundaci\u00f3n Soy Chaco\u201d, a instancias de Loter\u00eda Chaque\u00f1a, que tendr\u00e1 como benefactor al propio Gobierno, representado por el ministro de Hacienda y Finanzas: Alejandro Abraam, o quien lo suceda en el cargo.<\/p>\n\n\n\n<p>La iniciativa surgi\u00f3 \u201cante la necesidad de paliar numerosas insuficiencias y desequilibrios sociales, y en la convicci\u00f3n de dar respuesta en forma \u00e1gil para proteger la integridad y valores de las personas vulnerables, siendo necesario contribuir con la asistencia en la salud, educaci\u00f3n y desarrollo econ\u00f3mico\u201d-<\/p>\n\n\n\n<p>Con esta decisi\u00f3n, el Gobierno vuelve sobre sus pasos despu\u00e9s de la intervenci\u00f3n y la disoluci\u00f3n de la Fundaci\u00f3n Chaco Solidario, creada durante la gobernaci\u00f3n de Jorge Capitanich con id\u00e9nticos objetivos y que ya tuviera una interrupci\u00f3n 10 a\u00f1os atr\u00e1s cuando ejerci\u00f3 la titularidad del Ejecutivo el exvicegobernador Juan Carlos Bacileff Ivanoff.<\/p>\n\n\n\n<p>El argumento para clausurar la Fundaci\u00f3n Chaco Solidario fue la superposici\u00f3n de funciones con estamentos oficiales como el propio Ministerio de Desarrollo Social. Ahora, aunque el proyecto est\u00e1 en ciernes, todo indica que la Fundaci\u00f3n Soy Chaco incursionar\u00e1 en \u00e1reas propias del Ministerio de Desarrollo Humano y el programa \u00d1achec.<\/p>\n","protected":false},"excerpt":{"rendered":"<p>El gobernador Leandro Zdero decidi\u00f3 impulsar la creaci\u00f3n de la \u201cFundaci\u00f3n Soy Chaco\u201d, a instancias de Loter\u00eda Chaque\u00f1a, que tendr\u00e1 como benefactor al propio Gobierno, representado por el ministro de Hacienda y Finanzas: Alejandro Abraam, o quien lo suceda en el cargo. La iniciativa surgi\u00f3 \u201cante la necesidad de paliar numerosas insuficiencias y desequilibrios sociales, [&hellip;]<\/p>\n","protected":false},"author":1,"featured_media":7194,"comment_status":"open","ping_status":"open","sticky":false,"template":"","format":"standard","meta":{"footnotes":""},"categories":[27],"tags":[243,29,3271,3279,476,56,3521,3812,921],"class_list":["post-7193","post","type-post","status-publish","format-standard","has-post-thumbnail","hentry","category-politica","tag-bacileff-ivanoff","tag-capitanich","tag-chaco-solidario","tag-desarrollo-humano","tag-desarrollo-social","tag-fundacion","tag-nachec","tag-soy-chaco","tag-zdero"],"_links":{"self":[{"href":"http:\/\/hdpnoticias.com.ar\/index.php?rest_route=\/wp\/v2\/posts\/7193","targetHints":{"allow":["GET"]}}],"collection":[{"href":"http:\/\/hdpnoticias.com.ar\/index.php?rest_route=\/wp\/v2\/posts"}],"about":[{"href":"http:\/\/hdpnoticias.com.ar\/index.php?rest_route=\/wp\/v2\/types\/post"}],"author":[{"embeddable":true,"href":"http:\/\/hdpnoticias.com.ar\/index.php?rest_route=\/wp\/v2\/users\/1"}],"replies":[{"embeddable":true,"href":"http:\/\/hdpnoticias.com.ar\/index.php?rest_route=%2Fwp%2Fv2%2Fcomments&post=7193"}],"version-history":[{"count":1,"href":"http:\/\/hdpnoticias.com.ar\/index.php?rest_route=\/wp\/v2\/posts\/7193\/revisions"}],"predecessor-version":[{"id":7195,"href":"http:\/\/hdpnoticias.com.ar\/index.php?rest_route=\/wp\/v2\/posts\/7193\/revisions\/7195"}],"wp:featuredmedia":[{"embeddable":true,"href":"http:\/\/hdpnoticias.com.ar\/index.php?rest_route=\/wp\/v2\/media\/7194"}],"wp:attachment":[{"href":"http:\/\/hdpnoticias.com.ar\/index.php?rest_route=%2Fwp%2Fv2%2Fmedia&parent=7193"}],"wp:term":[{"taxonomy":"category","embeddable":true,"href":"http:\/\/hdpnoticias.com.ar\/index.php?rest_route=%2Fwp%2Fv2%2Fcategories&post=7193"},{"taxonomy":"post_tag","embeddable":true,"href":"http:\/\/hdpnoticias.com.ar\/index.php?rest_route=%2Fwp%2Fv2%2Ftags&post=7193"}],"curies":[{"name":"wp","href":"https:\/\/api.w.org\/{rel}","templated":true}]}}