{"id":7149,"date":"2024-05-24T11:51:48","date_gmt":"2024-05-24T14:51:48","guid":{"rendered":"https:\/\/hdpnoticias.com.ar\/?p=7149"},"modified":"2024-05-24T11:51:50","modified_gmt":"2024-05-24T14:51:50","slug":"caso-mateo-la-madre-y-el-padrastro-del-nino-maltratado-se-abstuvieron-de-declarar","status":"publish","type":"post","link":"http:\/\/hdpnoticias.com.ar\/?p=7149","title":{"rendered":"Caso Mateo: la madre y el padrastro del ni\u00f1o maltratado se abstuvieron de declarar"},"content":{"rendered":"\n<figure class=\"wp-block-image size-full\"><img loading=\"lazy\" decoding=\"async\" width=\"720\" height=\"90\" src=\"http:\/\/hdpnoticias.com.ar\/wp-content\/uploads\/2024\/05\/Copy-of-720x90-1.gif\" alt=\"\" class=\"wp-image-6806\"\/><\/figure>\n\n\n\n<p>El fiscal Francisco As\u00eds De Obald\u00eda Eyseric, titular de la Fiscal\u00eda 14, investiga el caso de Mateo, el peque\u00f1o de 2 a\u00f1os brutalmente golpeado, que debi\u00f3 ser intervenido quir\u00fargicamente y contin\u00faa internado en el hospital Pedi\u00e1trico de Resistencia.<\/p>\n\n\n\n<p>La madre: Juana Pedrozo, que lo llev\u00f3 al hospital, adujo que se hab\u00eda golpeado al caer de la cama, y jugando con su hermanita de 5 a\u00f1os. Pero su versi\u00f3n no conform\u00f3 a los m\u00e9dicos que advirtieron lesiones mucho m\u00e1s graves, adem\u00e1s de un cuadro de desnutrici\u00f3n, y descubrieron que ya hab\u00eda sido internado el mes pasado en circunstancias similares.<\/p>\n\n\n\n<p>Por esto, el fiscal libr\u00f3 la orden de detenci\u00f3n de la mujer y de su pareja: Gerardo Medina, de 35 a\u00f1os. Prima facie, est\u00e1n sospechados de haberle causado a Mateo lesiones grav\u00edsimas y actuar con alevos\u00eda, teniendo en cuenta que se trata de 2 adultos victimizando a un ni\u00f1ito indefenso.<\/p>\n\n\n\n<p>Ambos fueron llamados a declaraci\u00f3n indagatoria pero, asistidos por defensores oficiales, se abstuvieron de declarar.<\/p>\n\n\n\n<p>Paralelamente se allan\u00f3 la vivienda familiar, que el fiscal describi\u00f3 como \u201cun lugar muy peque\u00f1o y muy precario\u201d, en el que no pudieron hallar elementos de inter\u00e9s para la causa.<\/p>\n\n\n\n<p>De nuevas pericias, m\u00e1s testimonios que puedan recabarse, el fiscal intentar\u00e1 dilucidar el grado de participaci\u00f3n de ambos en el hecho investigado.<\/p>\n\n\n\n<p>A partir de ahora comienza la cuenta de 10 d\u00edas h\u00e1biles para definir la situaci\u00f3n procesal de ambos detenidos.<\/p>\n","protected":false},"excerpt":{"rendered":"<p>El fiscal Francisco As\u00eds De Obald\u00eda Eyseric, titular de la Fiscal\u00eda 14, investiga el caso de Mateo, el peque\u00f1o de 2 a\u00f1os brutalmente golpeado, que debi\u00f3 ser intervenido quir\u00fargicamente y contin\u00faa internado en el hospital Pedi\u00e1trico de Resistencia. La madre: Juana Pedrozo, que lo llev\u00f3 al hospital, adujo que se hab\u00eda golpeado al caer de [&hellip;]<\/p>\n","protected":false},"author":1,"featured_media":7150,"comment_status":"open","ping_status":"open","sticky":false,"template":"","format":"standard","meta":{"footnotes":""},"categories":[26],"tags":[464,1897,3793,731,3792,537,2137,49],"class_list":["post-7149","post","type-post","status-publish","format-standard","has-post-thumbnail","hentry","category-policiales","tag-alevosia","tag-imputados","tag-lesiones-gravisimas","tag-maltrato","tag-mateo","tag-nino","tag-pediatrico","tag-resistencia"],"_links":{"self":[{"href":"http:\/\/hdpnoticias.com.ar\/index.php?rest_route=\/wp\/v2\/posts\/7149","targetHints":{"allow":["GET"]}}],"collection":[{"href":"http:\/\/hdpnoticias.com.ar\/index.php?rest_route=\/wp\/v2\/posts"}],"about":[{"href":"http:\/\/hdpnoticias.com.ar\/index.php?rest_route=\/wp\/v2\/types\/post"}],"author":[{"embeddable":true,"href":"http:\/\/hdpnoticias.com.ar\/index.php?rest_route=\/wp\/v2\/users\/1"}],"replies":[{"embeddable":true,"href":"http:\/\/hdpnoticias.com.ar\/index.php?rest_route=%2Fwp%2Fv2%2Fcomments&post=7149"}],"version-history":[{"count":1,"href":"http:\/\/hdpnoticias.com.ar\/index.php?rest_route=\/wp\/v2\/posts\/7149\/revisions"}],"predecessor-version":[{"id":7151,"href":"http:\/\/hdpnoticias.com.ar\/index.php?rest_route=\/wp\/v2\/posts\/7149\/revisions\/7151"}],"wp:featuredmedia":[{"embeddable":true,"href":"http:\/\/hdpnoticias.com.ar\/index.php?rest_route=\/wp\/v2\/media\/7150"}],"wp:attachment":[{"href":"http:\/\/hdpnoticias.com.ar\/index.php?rest_route=%2Fwp%2Fv2%2Fmedia&parent=7149"}],"wp:term":[{"taxonomy":"category","embeddable":true,"href":"http:\/\/hdpnoticias.com.ar\/index.php?rest_route=%2Fwp%2Fv2%2Fcategories&post=7149"},{"taxonomy":"post_tag","embeddable":true,"href":"http:\/\/hdpnoticias.com.ar\/index.php?rest_route=%2Fwp%2Fv2%2Ftags&post=7149"}],"curies":[{"name":"wp","href":"https:\/\/api.w.org\/{rel}","templated":true}]}}