{"id":7137,"date":"2024-05-23T19:28:05","date_gmt":"2024-05-23T22:28:05","guid":{"rendered":"https:\/\/hdpnoticias.com.ar\/?p=7137"},"modified":"2024-05-23T19:30:15","modified_gmt":"2024-05-23T22:30:15","slug":"desplazaron-a-la-gerente-del-puerto-las-palmas-designada-por-capitanich","status":"publish","type":"post","link":"http:\/\/hdpnoticias.com.ar\/?p=7137","title":{"rendered":"Desplazaron a la gerente del Puerto Las Palmas designada por Capitanich"},"content":{"rendered":"\n<figure class=\"wp-block-image size-full\"><img loading=\"lazy\" decoding=\"async\" width=\"720\" height=\"90\" src=\"http:\/\/hdpnoticias.com.ar\/wp-content\/uploads\/2024\/05\/Obras-Publicas.gif\" alt=\"\" class=\"wp-image-6818\"\/><figcaption class=\"wp-element-caption\">El gobernador Zdero removi\u00f3 de su cargo a la gerente portuaria Mar\u00eda Prause, designada por Capitanich despu\u00e9s de iniciar su gesti\u00f3n como administradora.<\/figcaption><\/figure>\n\n\n\n<p>El gobernador Leandro Zdero design\u00f3 a C\u00e9sar Ram\u00f3n Gonz\u00e1lez al frente de la Gerencia Portuaria de la Administraci\u00f3n Portuaria Puerto Las Palmas que comanda Horacio Bianchi.<\/p>\n\n\n\n<p>El cargo, segundo en el orden de prelaci\u00f3n, era ocupado por Mar\u00eda Constanza Prause, designada formalmente el 11 de noviembre pasado por el entonces gobernador Jorge Capitanich.<\/p>\n\n\n\n<p>Hasta ese momento, cuando adem\u00e1s se aprob\u00f3 el Estatuto del ente aut\u00e1rquico Administraci\u00f3n Portuaria Puerto Las Palmas, la funcionaria se hab\u00eda desempe\u00f1ado como la principal autoridad pero sin designaci\u00f3n espec\u00edfica.<\/p>\n","protected":false},"excerpt":{"rendered":"<p>El gobernador Leandro Zdero design\u00f3 a C\u00e9sar Ram\u00f3n Gonz\u00e1lez al frente de la Gerencia Portuaria de la Administraci\u00f3n Portuaria Puerto Las Palmas que comanda Horacio Bianchi. El cargo, segundo en el orden de prelaci\u00f3n, era ocupado por Mar\u00eda Constanza Prause, designada formalmente el 11 de noviembre pasado por el entonces gobernador Jorge Capitanich. Hasta ese [&hellip;]<\/p>\n","protected":false},"author":1,"featured_media":7138,"comment_status":"open","ping_status":"open","sticky":false,"template":"","format":"standard","meta":{"footnotes":""},"categories":[6],"tags":[29,3791,3790,921],"class_list":["post-7137","post","type-post","status-publish","format-standard","has-post-thumbnail","hentry","category-info-general","tag-capitanich","tag-genrencia","tag-puerto-las-palmas","tag-zdero"],"_links":{"self":[{"href":"http:\/\/hdpnoticias.com.ar\/index.php?rest_route=\/wp\/v2\/posts\/7137","targetHints":{"allow":["GET"]}}],"collection":[{"href":"http:\/\/hdpnoticias.com.ar\/index.php?rest_route=\/wp\/v2\/posts"}],"about":[{"href":"http:\/\/hdpnoticias.com.ar\/index.php?rest_route=\/wp\/v2\/types\/post"}],"author":[{"embeddable":true,"href":"http:\/\/hdpnoticias.com.ar\/index.php?rest_route=\/wp\/v2\/users\/1"}],"replies":[{"embeddable":true,"href":"http:\/\/hdpnoticias.com.ar\/index.php?rest_route=%2Fwp%2Fv2%2Fcomments&post=7137"}],"version-history":[{"count":2,"href":"http:\/\/hdpnoticias.com.ar\/index.php?rest_route=\/wp\/v2\/posts\/7137\/revisions"}],"predecessor-version":[{"id":7140,"href":"http:\/\/hdpnoticias.com.ar\/index.php?rest_route=\/wp\/v2\/posts\/7137\/revisions\/7140"}],"wp:featuredmedia":[{"embeddable":true,"href":"http:\/\/hdpnoticias.com.ar\/index.php?rest_route=\/wp\/v2\/media\/7138"}],"wp:attachment":[{"href":"http:\/\/hdpnoticias.com.ar\/index.php?rest_route=%2Fwp%2Fv2%2Fmedia&parent=7137"}],"wp:term":[{"taxonomy":"category","embeddable":true,"href":"http:\/\/hdpnoticias.com.ar\/index.php?rest_route=%2Fwp%2Fv2%2Fcategories&post=7137"},{"taxonomy":"post_tag","embeddable":true,"href":"http:\/\/hdpnoticias.com.ar\/index.php?rest_route=%2Fwp%2Fv2%2Ftags&post=7137"}],"curies":[{"name":"wp","href":"https:\/\/api.w.org\/{rel}","templated":true}]}}