{"id":6969,"date":"2024-05-11T08:27:52","date_gmt":"2024-05-11T11:27:52","guid":{"rendered":"https:\/\/hdpnoticias.com.ar\/?p=6969"},"modified":"2024-05-11T08:29:47","modified_gmt":"2024-05-11T11:29:47","slug":"aida-ayala-los-que-gobiernan-hoy-saben-que-soy-inocente","status":"publish","type":"post","link":"http:\/\/hdpnoticias.com.ar\/?p=6969","title":{"rendered":"A\u00edda Ayala: Los que gobiernan hoy saben que soy inocente"},"content":{"rendered":"\n<figure class=\"wp-block-image size-full\"><img loading=\"lazy\" decoding=\"async\" width=\"720\" height=\"90\" src=\"http:\/\/hdpnoticias.com.ar\/wp-content\/uploads\/2024\/05\/Copy-of-720x90-1.gif\" alt=\"\" class=\"wp-image-6806\"\/><\/figure>\n\n\n\n<p>\u201cEsta fue causa armada, un invento para sacarme de la carrera pol\u00edtica\u201d, dijo la exintendente A\u00edda Ayala sobre la denominada \u201cCausa Lavado 2\u201d en la que se investigaron posibles hechos de corrupci\u00f3n durante su gesti\u00f3n al frente de la Municipalidad de Resistencia.<\/p>\n\n\n\n<p>Finalmente <strong><a href=\"https:\/\/hdpnoticias.com.ar\/?p=6958\">el Tribunal Oral Federal la conden\u00f3<\/a><\/strong> este viernes a 3 a\u00f1os de prisi\u00f3n en suspenso por \u201cfraude contra la administraci\u00f3n p\u00fablica\u201d, y le impuso una multa de 90 mil pesos, pero no le atribuy\u00f3 maniobras de lavado.<\/p>\n\n\n\n<p>Adem\u00e1s, recibi\u00f3 la pena de inhabilitaci\u00f3n perpetua para desempe\u00f1ar cargos p\u00fablicos, algo que ella considera que fue, desde el principio, el eje del expediente en su contra.<\/p>\n\n\n\n<p>Antes de escuchar la sentencia dijo en una entrevista en el canal oficial Somos Uno, que todo fue perge\u00f1ado con un exclusivo inter\u00e9s pol\u00edtico disparado despu\u00e9s de haber derrotado al oficialismo en las elecciones de 2017, que la consagraron diputada nacional.<\/p>\n\n\n\n<p>Para ella, el entonces intendente de Resistencia, Jorge Capitanich, ya planeaba regresar a la gobernaci\u00f3n y quer\u00eda evitar enfrentarla en las urnas en 2019, y que la \u00fanica manera era sacarla del juego.<\/p>\n\n\n\n<p>En el mismo sentido, consider\u00f3 que el fiscal Patricio Sabadini, que inici\u00f3 la investigaci\u00f3n, fue parte del plan, y que un rol similar termin\u00f3 cumpliendo la jueza Zunilda Niremperger. \u201cTodo se arm\u00f3 a partir de una denuncia a trav\u00e9s de una llamada an\u00f3nima que est\u00e1 probado en el expediente que nunca existi\u00f3\u201d, asever\u00f3.<\/p>\n\n\n\n<p>Con la causa en marcha, dijo que los actores judiciales se movieron motivados no s\u00f3lo por intereses pol\u00edticos, sino tambi\u00e9n corporativos: \u201cObviamente, tienen que respaldarse unos a otros\u201d.<\/p>\n\n\n\n<p>Comparando, record\u00f3 que el contrato firmado por su gesti\u00f3n con la compa\u00f1\u00eda Pimp SA para la recolecci\u00f3n de residuos, tachado de irregular por la Justicia Federal, sigui\u00f3 vigente durante toda la intendencia de Capitanich y la de Gustavo Mart\u00ednez, y sin embargo no hubo cuestionamientos para ellos. \u201cEn un momento la jueza le dio hasta el manejo de la empresa a Capitanich, que estuvo un buen tiempo de los 2 lados del mostrador. De golpe lo que era ilegal pas\u00f3 a ser legal\u201d, resumi\u00f3.<\/p>\n\n\n\n<p>Para completar, dijo estar convencida de que \u201cquienes gobiernan hoy saben que soy inocente\u201d, en alusi\u00f3n a la opini\u00f3n que tendr\u00eda sobre la cuesti\u00f3n el gobernador Leandro Zdero, que integrara su gabinete en la Municipalidad.<\/p>\n\n\n\n<p>\u201cA m\u00ed me proscribieron los dirigentes, no la gente\u201d, dijo sobre el discreto respaldo que recibi\u00f3 de la dirigencia radical. Aunque el a\u00f1o pasado volvi\u00f3 al ruedo para medirse en las Paso como precandidata a intendente en la lista que encabezaba el diputado nacional Juan Carlos Polini como precandidato a gobernador, pero fueron superados por Roy Nikisch y Zdero, respectivamente.<\/p>\n","protected":false},"excerpt":{"rendered":"<p>\u201cEsta fue causa armada, un invento para sacarme de la carrera pol\u00edtica\u201d, dijo la exintendente A\u00edda Ayala sobre la denominada \u201cCausa Lavado 2\u201d en la que se investigaron posibles hechos de corrupci\u00f3n durante su gesti\u00f3n al frente de la Municipalidad de Resistencia. Finalmente el Tribunal Oral Federal la conden\u00f3 este viernes a 3 a\u00f1os de [&hellip;]<\/p>\n","protected":false},"author":1,"featured_media":6970,"comment_status":"open","ping_status":"open","sticky":false,"template":"","format":"standard","meta":{"footnotes":""},"categories":[27],"tags":[1467,37,291,3723,1801,1955,1025,3713,991,2739,49,1024,921],"class_list":["post-6969","post","type-post","status-publish","format-standard","has-post-thumbnail","hentry","category-politica","tag-aida","tag-chaco","tag-corrupcion","tag-fraude","tag-lavado","tag-nikisch","tag-niremperger","tag-pimp","tag-polini","tag-prision","tag-resistencia","tag-sabadini","tag-zdero"],"_links":{"self":[{"href":"http:\/\/hdpnoticias.com.ar\/index.php?rest_route=\/wp\/v2\/posts\/6969","targetHints":{"allow":["GET"]}}],"collection":[{"href":"http:\/\/hdpnoticias.com.ar\/index.php?rest_route=\/wp\/v2\/posts"}],"about":[{"href":"http:\/\/hdpnoticias.com.ar\/index.php?rest_route=\/wp\/v2\/types\/post"}],"author":[{"embeddable":true,"href":"http:\/\/hdpnoticias.com.ar\/index.php?rest_route=\/wp\/v2\/users\/1"}],"replies":[{"embeddable":true,"href":"http:\/\/hdpnoticias.com.ar\/index.php?rest_route=%2Fwp%2Fv2%2Fcomments&post=6969"}],"version-history":[{"count":2,"href":"http:\/\/hdpnoticias.com.ar\/index.php?rest_route=\/wp\/v2\/posts\/6969\/revisions"}],"predecessor-version":[{"id":6972,"href":"http:\/\/hdpnoticias.com.ar\/index.php?rest_route=\/wp\/v2\/posts\/6969\/revisions\/6972"}],"wp:featuredmedia":[{"embeddable":true,"href":"http:\/\/hdpnoticias.com.ar\/index.php?rest_route=\/wp\/v2\/media\/6970"}],"wp:attachment":[{"href":"http:\/\/hdpnoticias.com.ar\/index.php?rest_route=%2Fwp%2Fv2%2Fmedia&parent=6969"}],"wp:term":[{"taxonomy":"category","embeddable":true,"href":"http:\/\/hdpnoticias.com.ar\/index.php?rest_route=%2Fwp%2Fv2%2Fcategories&post=6969"},{"taxonomy":"post_tag","embeddable":true,"href":"http:\/\/hdpnoticias.com.ar\/index.php?rest_route=%2Fwp%2Fv2%2Ftags&post=6969"}],"curies":[{"name":"wp","href":"https:\/\/api.w.org\/{rel}","templated":true}]}}