{"id":6887,"date":"2024-05-06T08:25:03","date_gmt":"2024-05-06T11:25:03","guid":{"rendered":"https:\/\/hdpnoticias.com.ar\/?p=6887"},"modified":"2024-05-06T08:25:05","modified_gmt":"2024-05-06T11:25:05","slug":"murio-una-de-las-mujeres-accidentadas-en-la-ruta-16","status":"publish","type":"post","link":"http:\/\/hdpnoticias.com.ar\/?p=6887","title":{"rendered":"Muri\u00f3 una de las mujeres accidentadas en la ruta 16"},"content":{"rendered":"\n<figure class=\"wp-block-image size-full\"><img loading=\"lazy\" decoding=\"async\" width=\"720\" height=\"90\" src=\"http:\/\/hdpnoticias.com.ar\/wp-content\/uploads\/2024\/05\/Copy-of-720x90-1.gif\" alt=\"\" class=\"wp-image-6806\"\/><\/figure>\n\n\n\n<p>El \u00faltimo jueves Mar\u00eda del Carmen L\u00f3pez, de 51 a\u00f1os, y su madre \u00darsula Gassmann, de 75, oriundas de Charata, viajaban por la ruta nacional 16 en un VW Virtus. <\/p>\n\n\n\n<p>A la altura de Presidencia de la Plaza la primera, que conduc\u00eda, perdi\u00f3 el control y el autom\u00f3vil impact\u00f3 contra la baranda de contenci\u00f3n de un puente.<\/p>\n\n\n\n<p>En el impacto la carrocer\u00eda se deform\u00f3 de tal manera, principalmente en el sector del acompa\u00f1ante, que debieron ser rescatadas por los bomberos.<\/p>\n\n\n\n<p>Ambas sufrieron lesiones, aunque el cuadro de \u00darsula result\u00f3 m\u00e1s grave, con m\u00faltiples fracturas. Fue auxiliada y trasladada al hospital 4 de Junio, de Presidencia Roque S\u00e1enz Pe\u00f1a, donde falleci\u00f3 este lunes.<\/p>\n","protected":false},"excerpt":{"rendered":"<p>El \u00faltimo jueves Mar\u00eda del Carmen L\u00f3pez, de 51 a\u00f1os, y su madre \u00darsula Gassmann, de 75, oriundas de Charata, viajaban por la ruta nacional 16 en un VW Virtus. A la altura de Presidencia de la Plaza la primera, que conduc\u00eda, perdi\u00f3 el control y el autom\u00f3vil impact\u00f3 contra la baranda de contenci\u00f3n de [&hellip;]<\/p>\n","protected":false},"author":1,"featured_media":6888,"comment_status":"open","ping_status":"open","sticky":false,"template":"","format":"standard","meta":{"footnotes":""},"categories":[26],"tags":[309,91,357,218,95,3689,89],"class_list":["post-6887","post","type-post","status-publish","format-standard","has-post-thumbnail","hentry","category-policiales","tag-bomberos","tag-charata","tag-plaza","tag-ruta-16","tag-saenz-pena","tag-virtus","tag-vw"],"_links":{"self":[{"href":"http:\/\/hdpnoticias.com.ar\/index.php?rest_route=\/wp\/v2\/posts\/6887","targetHints":{"allow":["GET"]}}],"collection":[{"href":"http:\/\/hdpnoticias.com.ar\/index.php?rest_route=\/wp\/v2\/posts"}],"about":[{"href":"http:\/\/hdpnoticias.com.ar\/index.php?rest_route=\/wp\/v2\/types\/post"}],"author":[{"embeddable":true,"href":"http:\/\/hdpnoticias.com.ar\/index.php?rest_route=\/wp\/v2\/users\/1"}],"replies":[{"embeddable":true,"href":"http:\/\/hdpnoticias.com.ar\/index.php?rest_route=%2Fwp%2Fv2%2Fcomments&post=6887"}],"version-history":[{"count":1,"href":"http:\/\/hdpnoticias.com.ar\/index.php?rest_route=\/wp\/v2\/posts\/6887\/revisions"}],"predecessor-version":[{"id":6889,"href":"http:\/\/hdpnoticias.com.ar\/index.php?rest_route=\/wp\/v2\/posts\/6887\/revisions\/6889"}],"wp:featuredmedia":[{"embeddable":true,"href":"http:\/\/hdpnoticias.com.ar\/index.php?rest_route=\/wp\/v2\/media\/6888"}],"wp:attachment":[{"href":"http:\/\/hdpnoticias.com.ar\/index.php?rest_route=%2Fwp%2Fv2%2Fmedia&parent=6887"}],"wp:term":[{"taxonomy":"category","embeddable":true,"href":"http:\/\/hdpnoticias.com.ar\/index.php?rest_route=%2Fwp%2Fv2%2Fcategories&post=6887"},{"taxonomy":"post_tag","embeddable":true,"href":"http:\/\/hdpnoticias.com.ar\/index.php?rest_route=%2Fwp%2Fv2%2Ftags&post=6887"}],"curies":[{"name":"wp","href":"https:\/\/api.w.org\/{rel}","templated":true}]}}