{"id":688,"date":"2023-02-05T12:00:11","date_gmt":"2023-02-05T15:00:11","guid":{"rendered":"http:\/\/hdpnoticias.com.ar\/?p=688"},"modified":"2023-02-05T12:00:12","modified_gmt":"2023-02-05T15:00:12","slug":"alberto-convoca-a-definir-las-reglas-electorales-del-frente-de-todos","status":"publish","type":"post","link":"http:\/\/hdpnoticias.com.ar\/?p=688","title":{"rendered":"Alberto convoca a definir las \u201creglas electorales\u201d del Frente de Todos"},"content":{"rendered":"\n<p>\u201cC\u00f3mo presidente del PJ, el partido m\u00e1s importante de nuestra coalici\u00f3n de Gobierno, he decidido convocar en los pr\u00f3ximos d\u00edas a la conformaci\u00f3n de una mesa que dise\u00f1e las reglas electorales del Frente y la estrategia a seguir con miras a las distintas elecciones de este a\u00f1o\u201d, public\u00f3 el Presidente de la Naci\u00f3n: Alberto Fern\u00e1ndez, algo que ya hab\u00eda adelantado en potencial la vocera presidencial Gabriela Cerruti.<\/p>\n\n\n\n<p>\u201cConf\u00edo en que dicho \u00e1mbito de debate sirva para abrir la convocatoria a los sectores sociales, de la producci\u00f3n y del trabajo que acompa\u00f1an a nuestra coalici\u00f3n de Gobierno con los que compartimos un mismo proyecto de pa\u00eds\u201d, agreg\u00f3.<\/p>\n\n\n\n<p>Como primer paso, instruy\u00f3 a gobernadores e intendentes a \u201cdefinir el n\u00facleo dirigencial que represente a la fuerza territorial del Frente de Todos\u201d.<\/p>\n\n\n\n<p>\u201cEs mi intenci\u00f3n que los referentes que confluimos con miradas diversas en el peronismo, junto a referentes del Frente Renovador y de otras fuerzas pol\u00edticas que participan del espacio, establezcamos las reglas de competencia que sostengan la unidad que nos lleve a la victoria\u201d, adelant\u00f3.<\/p>\n\n\n\n<p>Y admiti\u00f3 que el objetivo es mantener el poder para \u201cque la Argentina vuelva a un pasado de persecuci\u00f3n de opositores, de endeudamiento, de fuga de sus capitales, de ca\u00edda de los salarios y de desindustrializaci\u00f3n como el que padecimos durante el Gobierno de Juntos por el Cambio\u201d.<\/p>\n","protected":false},"excerpt":{"rendered":"<p>\u201cC\u00f3mo presidente del PJ, el partido m\u00e1s importante de nuestra coalici\u00f3n de Gobierno, he decidido convocar en los pr\u00f3ximos d\u00edas a la conformaci\u00f3n de una mesa que dise\u00f1e las reglas electorales del Frente y la estrategia a seguir con miras a las distintas elecciones de este a\u00f1o\u201d, public\u00f3 el Presidente de la Naci\u00f3n: Alberto Fern\u00e1ndez, [&hellip;]<\/p>\n","protected":false},"author":1,"featured_media":689,"comment_status":"open","ping_status":"open","sticky":false,"template":"","format":"standard","meta":{"footnotes":""},"categories":[27],"tags":[68,349,451,36,450,249],"class_list":["post-688","post","type-post","status-publish","format-standard","has-post-thumbnail","hentry","category-politica","tag-alberto","tag-frente-de-todos","tag-frente-renovador","tag-gobierno","tag-juntos-por-el-cambio","tag-paso"],"_links":{"self":[{"href":"http:\/\/hdpnoticias.com.ar\/index.php?rest_route=\/wp\/v2\/posts\/688","targetHints":{"allow":["GET"]}}],"collection":[{"href":"http:\/\/hdpnoticias.com.ar\/index.php?rest_route=\/wp\/v2\/posts"}],"about":[{"href":"http:\/\/hdpnoticias.com.ar\/index.php?rest_route=\/wp\/v2\/types\/post"}],"author":[{"embeddable":true,"href":"http:\/\/hdpnoticias.com.ar\/index.php?rest_route=\/wp\/v2\/users\/1"}],"replies":[{"embeddable":true,"href":"http:\/\/hdpnoticias.com.ar\/index.php?rest_route=%2Fwp%2Fv2%2Fcomments&post=688"}],"version-history":[{"count":1,"href":"http:\/\/hdpnoticias.com.ar\/index.php?rest_route=\/wp\/v2\/posts\/688\/revisions"}],"predecessor-version":[{"id":690,"href":"http:\/\/hdpnoticias.com.ar\/index.php?rest_route=\/wp\/v2\/posts\/688\/revisions\/690"}],"wp:featuredmedia":[{"embeddable":true,"href":"http:\/\/hdpnoticias.com.ar\/index.php?rest_route=\/wp\/v2\/media\/689"}],"wp:attachment":[{"href":"http:\/\/hdpnoticias.com.ar\/index.php?rest_route=%2Fwp%2Fv2%2Fmedia&parent=688"}],"wp:term":[{"taxonomy":"category","embeddable":true,"href":"http:\/\/hdpnoticias.com.ar\/index.php?rest_route=%2Fwp%2Fv2%2Fcategories&post=688"},{"taxonomy":"post_tag","embeddable":true,"href":"http:\/\/hdpnoticias.com.ar\/index.php?rest_route=%2Fwp%2Fv2%2Ftags&post=688"}],"curies":[{"name":"wp","href":"https:\/\/api.w.org\/{rel}","templated":true}]}}