{"id":6789,"date":"2024-04-30T22:25:53","date_gmt":"2024-05-01T01:25:53","guid":{"rendered":"https:\/\/hdpnoticias.com.ar\/?p=6789"},"modified":"2024-04-30T22:29:57","modified_gmt":"2024-05-01T01:29:57","slug":"caso-cecilia-tras-el-cambio-de-imputacion-piden-la-elevacion-a-juicio","status":"publish","type":"post","link":"http:\/\/hdpnoticias.com.ar\/?p=6789","title":{"rendered":"Caso Cecilia: tras el cambio de imputaci\u00f3n piden la elevaci\u00f3n a juicio"},"content":{"rendered":"\n<p>El Equipo Fiscal Especial integrado por Jorge C\u00e1ceres Olivera, Juan Bogado y Nelia Vel\u00e1zquez dio por clausurada la investigaci\u00f3n penal preparatoria y solicit\u00f3 la elevaci\u00f3n a juicio del Caso Cecilia: el asesinato y la desaparici\u00f3n de Cecilia Strzyzowski, ocurrido el 2 de junio de 2023.<\/p>\n\n\n\n<p>Por esto est\u00e1n detenidos la expareja de la v\u00edctima: C\u00e9sar Sena, imputado por homicidio doblemente agravado por el v\u00ednculo y el contexto de violencia de g\u00e9nero, y los padres de \u00e9ste: los dirigentes sociales Emerenciano Sena y Marcela Acu\u00f1a, acusados de part\u00edcipes primarias; adem\u00e1s de 2 parejas de colaboradores de la familia Sena imputados de encubrimiento agravado: Gustavo Obreg\u00f3n y Fabiana Gonz\u00e1lez, y Gustavo Melgarejo y Griselda Reinoso.<\/p>\n\n\n\n<p>El expediente tuvo novedades en los \u00faltimos d\u00edas: el fin de semana se dio un <strong><a href=\"https:\/\/hdpnoticias.com.ar\/?p=6742\">reencuentro \u201caccidental\u201d entre Emerenciano y C\u00e9sar en la Alcaid\u00eda<\/a><\/strong> de Resistencia durante la visita de sendos abogados que termin\u00f3 en una reuni\u00f3n conjunta.<\/p>\n\n\n\n<p>Esto no hab\u00eda sido autorizado por la Justicia que hab\u00eda rechazado la revinculaci\u00f3n de los integranes del denominado \u201cclan Sena\u201d, por lo que se instruy\u00f3 un sumario que separo de sus funciones a los guardias mientras se investigan los pormenores.<\/p>\n\n\n\n<p>Y este lunes a primera hora Emerenciano y Marcela fueron notificados de un nuevo encuadre de su presunta participaci\u00f3n en el crimen: hab\u00edan llegado hasta ac\u00e1 como coautores pero al abrirse la ventana de tiempo en que habr\u00eda ocurrido crimen, en su casa de la calle Santa Mar\u00eda de Oro, <strong><a href=\"https:\/\/hdpnoticias.com.ar\/?p=6742\">la imputaci\u00f3n vari\u00f3 a \u201cpart\u00edcipes necesarios\u201d<\/a><\/strong>.<\/p>\n","protected":false},"excerpt":{"rendered":"<p>El Equipo Fiscal Especial integrado por Jorge C\u00e1ceres Olivera, Juan Bogado y Nelia Vel\u00e1zquez dio por clausurada la investigaci\u00f3n penal preparatoria y solicit\u00f3 la elevaci\u00f3n a juicio del Caso Cecilia: el asesinato y la desaparici\u00f3n de Cecilia Strzyzowski, ocurrido el 2 de junio de 2023. Por esto est\u00e1n detenidos la expareja de la v\u00edctima: C\u00e9sar [&hellip;]<\/p>\n","protected":false},"author":1,"featured_media":2936,"comment_status":"open","ping_status":"open","sticky":false,"template":"","format":"standard","meta":{"footnotes":""},"categories":[26],"tags":[1813,87,3663,793,409,67,798,1854],"class_list":["post-6789","post","type-post","status-publish","format-standard","has-post-thumbnail","hentry","category-policiales","tag-cecilia","tag-crimen","tag-elevacion","tag-emerenciano","tag-femicidio","tag-juicio","tag-sena","tag-strzyzowski"],"_links":{"self":[{"href":"http:\/\/hdpnoticias.com.ar\/index.php?rest_route=\/wp\/v2\/posts\/6789","targetHints":{"allow":["GET"]}}],"collection":[{"href":"http:\/\/hdpnoticias.com.ar\/index.php?rest_route=\/wp\/v2\/posts"}],"about":[{"href":"http:\/\/hdpnoticias.com.ar\/index.php?rest_route=\/wp\/v2\/types\/post"}],"author":[{"embeddable":true,"href":"http:\/\/hdpnoticias.com.ar\/index.php?rest_route=\/wp\/v2\/users\/1"}],"replies":[{"embeddable":true,"href":"http:\/\/hdpnoticias.com.ar\/index.php?rest_route=%2Fwp%2Fv2%2Fcomments&post=6789"}],"version-history":[{"count":2,"href":"http:\/\/hdpnoticias.com.ar\/index.php?rest_route=\/wp\/v2\/posts\/6789\/revisions"}],"predecessor-version":[{"id":6792,"href":"http:\/\/hdpnoticias.com.ar\/index.php?rest_route=\/wp\/v2\/posts\/6789\/revisions\/6792"}],"wp:featuredmedia":[{"embeddable":true,"href":"http:\/\/hdpnoticias.com.ar\/index.php?rest_route=\/wp\/v2\/media\/2936"}],"wp:attachment":[{"href":"http:\/\/hdpnoticias.com.ar\/index.php?rest_route=%2Fwp%2Fv2%2Fmedia&parent=6789"}],"wp:term":[{"taxonomy":"category","embeddable":true,"href":"http:\/\/hdpnoticias.com.ar\/index.php?rest_route=%2Fwp%2Fv2%2Fcategories&post=6789"},{"taxonomy":"post_tag","embeddable":true,"href":"http:\/\/hdpnoticias.com.ar\/index.php?rest_route=%2Fwp%2Fv2%2Ftags&post=6789"}],"curies":[{"name":"wp","href":"https:\/\/api.w.org\/{rel}","templated":true}]}}