{"id":6745,"date":"2024-04-27T17:52:42","date_gmt":"2024-04-27T20:52:42","guid":{"rendered":"https:\/\/hdpnoticias.com.ar\/?p=6745"},"modified":"2024-04-27T18:01:20","modified_gmt":"2024-04-27T21:01:20","slug":"el-spp-suspendio-a-los-guardias-por-la-reunion-de-cesar-y-emerenciano-sena","status":"publish","type":"post","link":"http:\/\/hdpnoticias.com.ar\/?p=6745","title":{"rendered":"El SPP suspendi\u00f3 a los guardias por la reuni\u00f3n de C\u00e9sar y Emerenciano Sena"},"content":{"rendered":"\n<p>C\u00e9sar Sena, acusado por el femicidio de su pareja Cecilia Strzyzowski, y su padre: el dirigente social Emerenciano Sena, sindicado coautor, est\u00e1n detenidos en el Complejo Penitenciario 1, de Resistencia, y este viernes <strong><a href=\"https:\/\/hdpnoticias.com.ar\/?p=6742\">se reunieron a pesar de la orden judicial que lo proh\u00edbe<\/a><\/strong>.<\/p>\n\n\n\n<p>Tras conocerse el encuentro a trav\u00e9s de las redes sociales, las autoridades del Servicio Penitenciario Provincial dijeron desconocer el hecho, y decidieron relevar de sus puestos a los guardias que lo posibilitaron.<\/p>\n\n\n\n<p>Mientras, se instruir\u00e1 un sumario para determinar responsabilidades.<\/p>\n\n\n\n<p>El denominado \u201cClan Sena\u201d, que tambi\u00e9n integra la dirigente Marcela Acu\u00f1a, esposa de Emerenciano y madre de C\u00e9sar, tambi\u00e9n imputada como coautora del asesinato de Cecilia, mantuvo sendos encuentros los jueves 14 y 21 de diciembre de 2023.<\/p>\n\n\n\n<p>La \u201crevinculaci\u00f3n\u201d hab\u00eda sido autorizada por la jueza Mar\u00eda Pereyra, que consinti\u00f3 un h\u00e1beas corpus planteado por Acu\u00f1a.<\/p>\n\n\n\n<p>Las reuniones familiares de los jueves deb\u00edan continuar y ser evaluadas por un gabinete interdisciplinario, pero la C\u00e1mara de Apelaciones en lo Criminal las suspendi\u00f3 a instancias del Equipo Fiscal Especial y la querella. Desde entonces no pueden reencontrarse sin autorizaci\u00f3n.<\/p>\n","protected":false},"excerpt":{"rendered":"<p>C\u00e9sar Sena, acusado por el femicidio de su pareja Cecilia Strzyzowski, y su padre: el dirigente social Emerenciano Sena, sindicado coautor, est\u00e1n detenidos en el Complejo Penitenciario 1, de Resistencia, y este viernes se reunieron a pesar de la orden judicial que lo proh\u00edbe. Tras conocerse el encuentro a trav\u00e9s de las redes sociales, las [&hellip;]<\/p>\n","protected":false},"author":1,"featured_media":2569,"comment_status":"open","ping_status":"open","sticky":false,"template":"","format":"standard","meta":{"footnotes":""},"categories":[6],"tags":[1271,1813,1812,793,409,1787,798,2542,1854],"class_list":["post-6745","post","type-post","status-publish","format-standard","has-post-thumbnail","hentry","category-info-general","tag-alcaidia","tag-cecilia","tag-cesar","tag-emerenciano","tag-femicidio","tag-marcela","tag-sena","tag-servicio-penitenciario","tag-strzyzowski"],"_links":{"self":[{"href":"http:\/\/hdpnoticias.com.ar\/index.php?rest_route=\/wp\/v2\/posts\/6745","targetHints":{"allow":["GET"]}}],"collection":[{"href":"http:\/\/hdpnoticias.com.ar\/index.php?rest_route=\/wp\/v2\/posts"}],"about":[{"href":"http:\/\/hdpnoticias.com.ar\/index.php?rest_route=\/wp\/v2\/types\/post"}],"author":[{"embeddable":true,"href":"http:\/\/hdpnoticias.com.ar\/index.php?rest_route=\/wp\/v2\/users\/1"}],"replies":[{"embeddable":true,"href":"http:\/\/hdpnoticias.com.ar\/index.php?rest_route=%2Fwp%2Fv2%2Fcomments&post=6745"}],"version-history":[{"count":2,"href":"http:\/\/hdpnoticias.com.ar\/index.php?rest_route=\/wp\/v2\/posts\/6745\/revisions"}],"predecessor-version":[{"id":6747,"href":"http:\/\/hdpnoticias.com.ar\/index.php?rest_route=\/wp\/v2\/posts\/6745\/revisions\/6747"}],"wp:featuredmedia":[{"embeddable":true,"href":"http:\/\/hdpnoticias.com.ar\/index.php?rest_route=\/wp\/v2\/media\/2569"}],"wp:attachment":[{"href":"http:\/\/hdpnoticias.com.ar\/index.php?rest_route=%2Fwp%2Fv2%2Fmedia&parent=6745"}],"wp:term":[{"taxonomy":"category","embeddable":true,"href":"http:\/\/hdpnoticias.com.ar\/index.php?rest_route=%2Fwp%2Fv2%2Fcategories&post=6745"},{"taxonomy":"post_tag","embeddable":true,"href":"http:\/\/hdpnoticias.com.ar\/index.php?rest_route=%2Fwp%2Fv2%2Ftags&post=6745"}],"curies":[{"name":"wp","href":"https:\/\/api.w.org\/{rel}","templated":true}]}}