{"id":668,"date":"2023-02-03T09:04:08","date_gmt":"2023-02-03T12:04:08","guid":{"rendered":"http:\/\/hdpnoticias.com.ar\/?p=668"},"modified":"2023-03-10T10:00:26","modified_gmt":"2023-03-10T13:00:26","slug":"gustavo-debemos-trabajar-juntos-y-dejar-de-ser-la-capital-del-piquete","status":"publish","type":"post","link":"http:\/\/hdpnoticias.com.ar\/?p=668","title":{"rendered":"Gustavo: Debemos trabajar juntos y dejar de ser la capital del piquete"},"content":{"rendered":"\n<p>\u201cResistencia se desarroll\u00f3 por la fuerza de su comunidad, una conjunci\u00f3n de distintas culturas de los pueblos originarios e inmigrantes, y eso hizo que esta capital, de las m\u00e1s j\u00f3venes del pa\u00eds, tenga hoy una gran preponderancia\u201d, dijo el intendente Gustavo Martinez en el acto oficial por el 145\u00b0 aniversario de la ciudad.<\/p>\n\n\n\n<p>Y agreg\u00f3: \u201cTenemos una identidad internacional que nos dieron las anteriores generaciones de resistencianos que bregaron para que se pueda explotar su potencial art\u00edstico y cultural, gracias al crisol migratorio\u201d.<\/p>\n\n\n\n<p>\u201cHoy la pol\u00edtica que pretendemos es volver a poner en valor la planificaci\u00f3n y reconstruir los v\u00ednculos, dejar de lado la fragmentaci\u00f3n. Tenemos un potencial incre\u00edble\u201d, expres\u00f3.<\/p>\n\n\n\n<p>Para avanzar en ese sentido, llam\u00f3 a \u201colvidar la idea que somos capital del piquete, del conflicto\u201d. Y asegur\u00f3 que \u201cuno no llega a una funci\u00f3n p\u00fablica pensando en la pr\u00f3xima elecci\u00f3n, sino en la pr\u00f3xima generaci\u00f3n, como lo hicieron aquellos que nos dieron la identidad \u201c.<\/p>\n\n\n\n<p>\u201cMuy pronto Resistencia ser\u00e1 patrimonio cultural y ser\u00e1 gracias a lo que hicieron generaciones anteriores, mucha gente so\u00f1\u00f3 con esto que disfrutamos nosotros\u201d, record\u00f3.<\/p>\n\n\n\n<p>Y prometi\u00f3 \u201cacentuar el plan de desarrollo del potencial de la ciudad, poner en valor las capacidades\u201d, pero remarc\u00f3 que \u201ces un trabajo que debemos hacer todos, juntos, como lo hizo la gente que vino del otro lado del mundo para construir ac\u00e1\u201d.<\/p>\n\n\n\n<p>La Capital del Norte<\/p>\n\n\n\n<p>A su turno, el gobernador Capitanich describi\u00f3 a Resistencia con \u201cesta identidad pluriling\u00fce que nos permiti\u00f3 tener unidad en la diversidad\u201d y la consider\u00f3 \u201cuna ciudad l\u00edder, destinada a ser la capital del norte argentino\u201d.<\/p>\n","protected":false},"excerpt":{"rendered":"<p>\u201cResistencia se desarroll\u00f3 por la fuerza de su comunidad, una conjunci\u00f3n de distintas culturas de los pueblos originarios e inmigrantes, y eso hizo que esta capital, de las m\u00e1s j\u00f3venes del pa\u00eds, tenga hoy una gran preponderancia\u201d, dijo el intendente Gustavo Martinez en el acto oficial por el 145\u00b0 aniversario de la ciudad. Y agreg\u00f3: [&hellip;]<\/p>\n","protected":false},"author":1,"featured_media":669,"comment_status":"open","ping_status":"open","sticky":false,"template":"","format":"standard","meta":{"footnotes":""},"categories":[27],"tags":[431,433,29,242,295,432,49],"class_list":["post-668","post","type-post","status-publish","format-standard","has-post-thumbnail","hentry","category-politica","tag-aniversario","tag-capital","tag-capitanich","tag-gustavo","tag-norte","tag-piquete","tag-resistencia"],"_links":{"self":[{"href":"http:\/\/hdpnoticias.com.ar\/index.php?rest_route=\/wp\/v2\/posts\/668","targetHints":{"allow":["GET"]}}],"collection":[{"href":"http:\/\/hdpnoticias.com.ar\/index.php?rest_route=\/wp\/v2\/posts"}],"about":[{"href":"http:\/\/hdpnoticias.com.ar\/index.php?rest_route=\/wp\/v2\/types\/post"}],"author":[{"embeddable":true,"href":"http:\/\/hdpnoticias.com.ar\/index.php?rest_route=\/wp\/v2\/users\/1"}],"replies":[{"embeddable":true,"href":"http:\/\/hdpnoticias.com.ar\/index.php?rest_route=%2Fwp%2Fv2%2Fcomments&post=668"}],"version-history":[{"count":3,"href":"http:\/\/hdpnoticias.com.ar\/index.php?rest_route=\/wp\/v2\/posts\/668\/revisions"}],"predecessor-version":[{"id":1256,"href":"http:\/\/hdpnoticias.com.ar\/index.php?rest_route=\/wp\/v2\/posts\/668\/revisions\/1256"}],"wp:featuredmedia":[{"embeddable":true,"href":"http:\/\/hdpnoticias.com.ar\/index.php?rest_route=\/wp\/v2\/media\/669"}],"wp:attachment":[{"href":"http:\/\/hdpnoticias.com.ar\/index.php?rest_route=%2Fwp%2Fv2%2Fmedia&parent=668"}],"wp:term":[{"taxonomy":"category","embeddable":true,"href":"http:\/\/hdpnoticias.com.ar\/index.php?rest_route=%2Fwp%2Fv2%2Fcategories&post=668"},{"taxonomy":"post_tag","embeddable":true,"href":"http:\/\/hdpnoticias.com.ar\/index.php?rest_route=%2Fwp%2Fv2%2Ftags&post=668"}],"curies":[{"name":"wp","href":"https:\/\/api.w.org\/{rel}","templated":true}]}}