{"id":6672,"date":"2024-04-21T22:54:00","date_gmt":"2024-04-22T01:54:00","guid":{"rendered":"https:\/\/hdpnoticias.com.ar\/?p=6672"},"modified":"2024-04-22T09:00:23","modified_gmt":"2024-04-22T12:00:23","slug":"motociclista-de-24-anos-murio-arrollado-por-un-camion-en-la-ruta-16","status":"publish","type":"post","link":"http:\/\/hdpnoticias.com.ar\/?p=6672","title":{"rendered":"Motociclista de 24 a\u00f1os muri\u00f3 arrollado por un cami\u00f3n en la ruta 16"},"content":{"rendered":"\n<p>Agust\u00edn Ayala, de 24 a\u00f1os, domiciliado en Colonia Elisa, muri\u00f3 el atardecer de este domingo en un accidente de tr\u00e1nsito en el kil\u00f3metro 24,5 de la autov\u00eda de la ruta nacional, en el acceso a Puerto Tirol.<\/p>\n\n\n\n<p>Circulaba en una Suzuki AX 100 cuando fue arrollado por un cami\u00f3n Mercedes Benz con acoplado.<\/p>\n\n\n\n<p>Producto del impacto, muri\u00f3 en el acto.<\/p>\n\n\n\n<p>El conductor del cami\u00f3n, de 30 a\u00f1os, fue sometido a un test de alcoholemia cuyo resultado no trascendi\u00f3.<\/p>\n\n\n\n<p>Ahora investigan la mec\u00e1nica del siniestro en una causa iniciada contra el camionero por \u201cpresunto homicidio culposo en accidente de tr\u00e1nsito\u201d.<\/p>\n","protected":false},"excerpt":{"rendered":"<p>Agust\u00edn Ayala, de 24 a\u00f1os, domiciliado en Colonia Elisa, muri\u00f3 el atardecer de este domingo en un accidente de tr\u00e1nsito en el kil\u00f3metro 24,5 de la autov\u00eda de la ruta nacional, en el acceso a Puerto Tirol. Circulaba en una Suzuki AX 100 cuando fue arrollado por un cami\u00f3n Mercedes Benz con acoplado. Producto del [&hellip;]<\/p>\n","protected":false},"author":1,"featured_media":6673,"comment_status":"open","ping_status":"open","sticky":false,"template":"","format":"standard","meta":{"footnotes":""},"categories":[26],"tags":[636,690,127,978,218,2238,100],"class_list":["post-6672","post","type-post","status-publish","format-standard","has-post-thumbnail","hentry","category-policiales","tag-autovia","tag-colonia-elisa","tag-mercedes-benz","tag-puerto-tirol","tag-ruta-16","tag-suzuki","tag-tragedia"],"_links":{"self":[{"href":"http:\/\/hdpnoticias.com.ar\/index.php?rest_route=\/wp\/v2\/posts\/6672","targetHints":{"allow":["GET"]}}],"collection":[{"href":"http:\/\/hdpnoticias.com.ar\/index.php?rest_route=\/wp\/v2\/posts"}],"about":[{"href":"http:\/\/hdpnoticias.com.ar\/index.php?rest_route=\/wp\/v2\/types\/post"}],"author":[{"embeddable":true,"href":"http:\/\/hdpnoticias.com.ar\/index.php?rest_route=\/wp\/v2\/users\/1"}],"replies":[{"embeddable":true,"href":"http:\/\/hdpnoticias.com.ar\/index.php?rest_route=%2Fwp%2Fv2%2Fcomments&post=6672"}],"version-history":[{"count":1,"href":"http:\/\/hdpnoticias.com.ar\/index.php?rest_route=\/wp\/v2\/posts\/6672\/revisions"}],"predecessor-version":[{"id":6674,"href":"http:\/\/hdpnoticias.com.ar\/index.php?rest_route=\/wp\/v2\/posts\/6672\/revisions\/6674"}],"wp:featuredmedia":[{"embeddable":true,"href":"http:\/\/hdpnoticias.com.ar\/index.php?rest_route=\/wp\/v2\/media\/6673"}],"wp:attachment":[{"href":"http:\/\/hdpnoticias.com.ar\/index.php?rest_route=%2Fwp%2Fv2%2Fmedia&parent=6672"}],"wp:term":[{"taxonomy":"category","embeddable":true,"href":"http:\/\/hdpnoticias.com.ar\/index.php?rest_route=%2Fwp%2Fv2%2Fcategories&post=6672"},{"taxonomy":"post_tag","embeddable":true,"href":"http:\/\/hdpnoticias.com.ar\/index.php?rest_route=%2Fwp%2Fv2%2Ftags&post=6672"}],"curies":[{"name":"wp","href":"https:\/\/api.w.org\/{rel}","templated":true}]}}