{"id":6371,"date":"2024-03-26T22:12:59","date_gmt":"2024-03-27T01:12:59","guid":{"rendered":"https:\/\/hdpnoticias.com.ar\/?p=6371"},"modified":"2024-03-26T22:13:02","modified_gmt":"2024-03-27T01:13:02","slug":"el-estacionamiento-medido-vuelve-con-todo-a-resistencia-entre-600-y-400-pesos","status":"publish","type":"post","link":"http:\/\/hdpnoticias.com.ar\/?p=6371","title":{"rendered":"El estacionamiento medido vuelve con todo a Resistencia: entre 600 y 400 pesos"},"content":{"rendered":"\n<p>La Municipalidad de Resistencia retomar\u00e1 el cobro del estacionamiento en las calles c\u00e9ntricas de la capital. As\u00ed lo confirmaron funcionarios del gabinete del intendente Roy Nikisch.<\/p>\n\n\n\n<p>El subsecretarrio de Tr\u00e1nsito y Transporte: Dar\u00edo Sardi, dijo que la tarifa a\u00fan no est\u00e1 definida, y aunque insisti\u00f3 en dejar el anuncio al \u00e1rea de Econom\u00eda, anticip\u00f3 que rondar\u00e1 \u201centre 600 y 400 pesos\u201d, dependiendo de la zona y del municipio en que est\u00e9 radicado el veh\u00edculo.<\/p>\n\n\n\n<p>En principio, la tarifa podr\u00eda ser \u00fanica, para pasar progresivamente a un cuadro tarifario diferencial, con los montos m\u00e1s altos en el entorno de la plaza 25 de Mayo, reduci\u00e9ndose en el tramo del microcentro, y la m\u00e1s baja en el macrocentro.<\/p>\n\n\n\n<p>Al fundamentar la decisi\u00f3n y la oportunidad en que se implementa, en medio de una fuerte crisis econ\u00f3mica, dijo que la Municipalidad busca favorecer a las playas de estacionamiento privadas. \u201cHay mucha gente que invirti\u00f3 en estacionamientos y hoy tiene que cerrar o no puede recuperar la inversi\u00f3n porque en la calle se estaciona gratis\u201d, resumi\u00f3.<\/p>\n\n\n\n<p>Y, para completar, plante\u00f3 como novedad un sistema de \u201cautogesti\u00f3n\u201d, algo que ya exist\u00eda con el Estacionamiento Medido Inteligente (EMI), implementado en febrero de 2013 durante la \u00faltima intendencia de A\u00edda Ayala.<\/p>\n","protected":false},"excerpt":{"rendered":"<p>La Municipalidad de Resistencia retomar\u00e1 el cobro del estacionamiento en las calles c\u00e9ntricas de la capital. As\u00ed lo confirmaron funcionarios del gabinete del intendente Roy Nikisch. El subsecretarrio de Tr\u00e1nsito y Transporte: Dar\u00edo Sardi, dijo que la tarifa a\u00fan no est\u00e1 definida, y aunque insisti\u00f3 en dejar el anuncio al \u00e1rea de Econom\u00eda, anticip\u00f3 que [&hellip;]<\/p>\n","protected":false},"author":1,"featured_media":6372,"comment_status":"open","ping_status":"open","sticky":false,"template":"","format":"standard","meta":{"footnotes":""},"categories":[6],"tags":[1467,392,3287,3460,1362,1955,49,3461,652],"class_list":["post-6371","post","type-post","status-publish","format-standard","has-post-thumbnail","hentry","category-info-general","tag-aida","tag-ayala","tag-estacionamiento","tag-medido","tag-microcentro","tag-nikisch","tag-resistencia","tag-sardi","tag-transito-2"],"_links":{"self":[{"href":"http:\/\/hdpnoticias.com.ar\/index.php?rest_route=\/wp\/v2\/posts\/6371","targetHints":{"allow":["GET"]}}],"collection":[{"href":"http:\/\/hdpnoticias.com.ar\/index.php?rest_route=\/wp\/v2\/posts"}],"about":[{"href":"http:\/\/hdpnoticias.com.ar\/index.php?rest_route=\/wp\/v2\/types\/post"}],"author":[{"embeddable":true,"href":"http:\/\/hdpnoticias.com.ar\/index.php?rest_route=\/wp\/v2\/users\/1"}],"replies":[{"embeddable":true,"href":"http:\/\/hdpnoticias.com.ar\/index.php?rest_route=%2Fwp%2Fv2%2Fcomments&post=6371"}],"version-history":[{"count":1,"href":"http:\/\/hdpnoticias.com.ar\/index.php?rest_route=\/wp\/v2\/posts\/6371\/revisions"}],"predecessor-version":[{"id":6373,"href":"http:\/\/hdpnoticias.com.ar\/index.php?rest_route=\/wp\/v2\/posts\/6371\/revisions\/6373"}],"wp:featuredmedia":[{"embeddable":true,"href":"http:\/\/hdpnoticias.com.ar\/index.php?rest_route=\/wp\/v2\/media\/6372"}],"wp:attachment":[{"href":"http:\/\/hdpnoticias.com.ar\/index.php?rest_route=%2Fwp%2Fv2%2Fmedia&parent=6371"}],"wp:term":[{"taxonomy":"category","embeddable":true,"href":"http:\/\/hdpnoticias.com.ar\/index.php?rest_route=%2Fwp%2Fv2%2Fcategories&post=6371"},{"taxonomy":"post_tag","embeddable":true,"href":"http:\/\/hdpnoticias.com.ar\/index.php?rest_route=%2Fwp%2Fv2%2Ftags&post=6371"}],"curies":[{"name":"wp","href":"https:\/\/api.w.org\/{rel}","templated":true}]}}