{"id":6311,"date":"2024-03-20T16:55:34","date_gmt":"2024-03-20T19:55:34","guid":{"rendered":"https:\/\/hdpnoticias.com.ar\/?p=6311"},"modified":"2024-03-21T08:24:34","modified_gmt":"2024-03-21T11:24:34","slug":"5-detenidos-por-el-crimen-en-la-zona-norte-de-resistencia-uno-es-menor","status":"publish","type":"post","link":"http:\/\/hdpnoticias.com.ar\/?p=6311","title":{"rendered":"5 detenidos por el crimen en la zona norte de Resistencia: uno es menor"},"content":{"rendered":"\n<p>Juan Evaristo C\u00e1rdenas, de 43 a\u00f1os, fue <strong><a href=\"https:\/\/hdpnoticias.com.ar\/?p=6308\">asesinado a tiros <\/a><\/strong>la madrugada de este mi\u00e9rcoles en el barrio Mapic, en la zona norte de Resistencia, en una pelea entre vecinos que se desarroll\u00f3 por episodios desde la tarde del martes.<\/p>\n\n\n\n<p>La hija de C\u00e1rdenas identific\u00f3 a 8 de los hombres que lo habr\u00edan atacado. 5 ya fueron detenidos: uno de 24 a\u00f1os, uno de 21, 2 de 19 y un adolescente de 17. 3 de ellos residen en el barrio Mapic, tambi\u00e9n en la zona norte, y 2 en Fontana.<\/p>\n\n\n\n<p>En los procedimientos los polic\u00edas secuestraron una pistola calibre 22 que habr\u00eda sido utilizada para asesina a C\u00e1rdenas.<\/p>\n\n\n\n<p>Ahora buscan a los otros 3 implicados.<\/p>\n","protected":false},"excerpt":{"rendered":"<p>Juan Evaristo C\u00e1rdenas, de 43 a\u00f1os, fue asesinado a tiros la madrugada de este mi\u00e9rcoles en el barrio Mapic, en la zona norte de Resistencia, en una pelea entre vecinos que se desarroll\u00f3 por episodios desde la tarde del martes. La hija de C\u00e1rdenas identific\u00f3 a 8 de los hombres que lo habr\u00edan atacado. 5 [&hellip;]<\/p>\n","protected":false},"author":1,"featured_media":6312,"comment_status":"open","ping_status":"open","sticky":false,"template":"","format":"standard","meta":{"footnotes":""},"categories":[26],"tags":[84,275,87,285,1645,49,819],"class_list":["post-6311","post","type-post","status-publish","format-standard","has-post-thumbnail","hentry","category-policiales","tag-adolescente","tag-asesinato","tag-crimen","tag-detenidos","tag-mapic","tag-resistencia","tag-zona-norte"],"_links":{"self":[{"href":"http:\/\/hdpnoticias.com.ar\/index.php?rest_route=\/wp\/v2\/posts\/6311","targetHints":{"allow":["GET"]}}],"collection":[{"href":"http:\/\/hdpnoticias.com.ar\/index.php?rest_route=\/wp\/v2\/posts"}],"about":[{"href":"http:\/\/hdpnoticias.com.ar\/index.php?rest_route=\/wp\/v2\/types\/post"}],"author":[{"embeddable":true,"href":"http:\/\/hdpnoticias.com.ar\/index.php?rest_route=\/wp\/v2\/users\/1"}],"replies":[{"embeddable":true,"href":"http:\/\/hdpnoticias.com.ar\/index.php?rest_route=%2Fwp%2Fv2%2Fcomments&post=6311"}],"version-history":[{"count":2,"href":"http:\/\/hdpnoticias.com.ar\/index.php?rest_route=\/wp\/v2\/posts\/6311\/revisions"}],"predecessor-version":[{"id":6314,"href":"http:\/\/hdpnoticias.com.ar\/index.php?rest_route=\/wp\/v2\/posts\/6311\/revisions\/6314"}],"wp:featuredmedia":[{"embeddable":true,"href":"http:\/\/hdpnoticias.com.ar\/index.php?rest_route=\/wp\/v2\/media\/6312"}],"wp:attachment":[{"href":"http:\/\/hdpnoticias.com.ar\/index.php?rest_route=%2Fwp%2Fv2%2Fmedia&parent=6311"}],"wp:term":[{"taxonomy":"category","embeddable":true,"href":"http:\/\/hdpnoticias.com.ar\/index.php?rest_route=%2Fwp%2Fv2%2Fcategories&post=6311"},{"taxonomy":"post_tag","embeddable":true,"href":"http:\/\/hdpnoticias.com.ar\/index.php?rest_route=%2Fwp%2Fv2%2Ftags&post=6311"}],"curies":[{"name":"wp","href":"https:\/\/api.w.org\/{rel}","templated":true}]}}