{"id":6117,"date":"2024-03-02T22:07:40","date_gmt":"2024-03-03T01:07:40","guid":{"rendered":"https:\/\/hdpnoticias.com.ar\/?p=6117"},"modified":"2024-03-02T22:07:42","modified_gmt":"2024-03-03T01:07:42","slug":"el-ladron-mataperros-volvio-a-fugarse-de-tres-horquetas","status":"publish","type":"post","link":"http:\/\/hdpnoticias.com.ar\/?p=6117","title":{"rendered":"El ladr\u00f3n mataperros volvi\u00f3 a fugarse de Tres Horquetas"},"content":{"rendered":"\n<p>El 29 de enero Milton, de 17 a\u00f1os, ingres\u00f3 a una vivienda en Resistencia para robar y se top\u00f3 con un peque\u00f1o perro que lo delat\u00f3 con sus ladridos. Sin dudar, lo ahog\u00f3 en la piscina para cumplir su cometido.<\/p>\n\n\n\n<p>Horas despu\u00e9s fue atrapado por la Polic\u00eda y alojado en la Aldea Tres Horquetas, complejo que depende del Ministerio de Desarrollo Humano, custodiado por el Servicio Penitenciario Provincial.<\/p>\n\n\n\n<p>2 d\u00edas despu\u00e9s se escap\u00f3, rob\u00f3 una moto en el acceso a Colonia Ben\u00edtez y volvi\u00f3 a la capital. Fue recapturado por un periodista que se adelant\u00f3 a los efectivos del operativo policial que se hab\u00eda montado en Villa R\u00edo Negro, donde reside.<\/p>\n\n\n\n<p>Tras los tr\u00e1mites de rigor fue devuelto a Tres Horquetas, de donde volvi\u00f3 a fugarse este s\u00e1bado.<\/p>\n\n\n\n<p>Esta vez junto a otro menor, tambi\u00e9n de 17 a\u00f1os, confinado por la comisi\u00f3n de un delito.<\/p>\n\n\n\n<p>Los guardias los vieron dialogando en el Sal\u00f3n de Usos M\u00faltiples en el horario de recreaci\u00f3n, pero poco despu\u00e9s los perdieron de vista y no pudieron hallarlos en todo el predio.<\/p>\n\n\n\n<p>La Polic\u00eda despleg\u00f3 un dispositivo de b\u00fasqueda de personas para recapturarlos.<\/p>\n","protected":false},"excerpt":{"rendered":"<p>El 29 de enero Milton, de 17 a\u00f1os, ingres\u00f3 a una vivienda en Resistencia para robar y se top\u00f3 con un peque\u00f1o perro que lo delat\u00f3 con sus ladridos. Sin dudar, lo ahog\u00f3 en la piscina para cumplir su cometido. Horas despu\u00e9s fue atrapado por la Polic\u00eda y alojado en la Aldea Tres Horquetas, complejo [&hellip;]<\/p>\n","protected":false},"author":1,"featured_media":6118,"comment_status":"open","ping_status":"open","sticky":false,"template":"","format":"standard","meta":{"footnotes":""},"categories":[26],"tags":[84,1805,3279,735,715,3346,832,3212],"class_list":["post-6117","post","type-post","status-publish","format-standard","has-post-thumbnail","hentry","category-policiales","tag-adolescente","tag-delincuente","tag-desarrollo-humano","tag-fuga","tag-ladron","tag-mataperros","tag-motochorro","tag-tres-horquetas"],"_links":{"self":[{"href":"http:\/\/hdpnoticias.com.ar\/index.php?rest_route=\/wp\/v2\/posts\/6117","targetHints":{"allow":["GET"]}}],"collection":[{"href":"http:\/\/hdpnoticias.com.ar\/index.php?rest_route=\/wp\/v2\/posts"}],"about":[{"href":"http:\/\/hdpnoticias.com.ar\/index.php?rest_route=\/wp\/v2\/types\/post"}],"author":[{"embeddable":true,"href":"http:\/\/hdpnoticias.com.ar\/index.php?rest_route=\/wp\/v2\/users\/1"}],"replies":[{"embeddable":true,"href":"http:\/\/hdpnoticias.com.ar\/index.php?rest_route=%2Fwp%2Fv2%2Fcomments&post=6117"}],"version-history":[{"count":1,"href":"http:\/\/hdpnoticias.com.ar\/index.php?rest_route=\/wp\/v2\/posts\/6117\/revisions"}],"predecessor-version":[{"id":6119,"href":"http:\/\/hdpnoticias.com.ar\/index.php?rest_route=\/wp\/v2\/posts\/6117\/revisions\/6119"}],"wp:featuredmedia":[{"embeddable":true,"href":"http:\/\/hdpnoticias.com.ar\/index.php?rest_route=\/wp\/v2\/media\/6118"}],"wp:attachment":[{"href":"http:\/\/hdpnoticias.com.ar\/index.php?rest_route=%2Fwp%2Fv2%2Fmedia&parent=6117"}],"wp:term":[{"taxonomy":"category","embeddable":true,"href":"http:\/\/hdpnoticias.com.ar\/index.php?rest_route=%2Fwp%2Fv2%2Fcategories&post=6117"},{"taxonomy":"post_tag","embeddable":true,"href":"http:\/\/hdpnoticias.com.ar\/index.php?rest_route=%2Fwp%2Fv2%2Ftags&post=6117"}],"curies":[{"name":"wp","href":"https:\/\/api.w.org\/{rel}","templated":true}]}}