{"id":6046,"date":"2024-02-25T18:23:00","date_gmt":"2024-02-25T21:23:00","guid":{"rendered":"https:\/\/hdpnoticias.com.ar\/?p=6046"},"modified":"2024-02-25T21:26:36","modified_gmt":"2024-02-26T00:26:36","slug":"video-corso-y-tiros-en-plaza-le-disparo-a-un-hombre-porque-no-queria-poner-musica","status":"publish","type":"post","link":"http:\/\/hdpnoticias.com.ar\/?p=6046","title":{"rendered":"VIDEO | Corso y tiros en Plaza: le dispar\u00f3 a un hombre porque no quer\u00eda \u201cponer m\u00fasica\u201d"},"content":{"rendered":"\n<p>Un hombre identificado como Julio Garc\u00eda fue detenido la madrugada de este domingo en Presidencia de la Plaza, despu\u00e9s de dispararle con un arma de fuego a otro en el cors\u00f3dromo.<\/p>\n\n\n\n<p>Empu\u00f1ando un rev\u00f3lver, Garc\u00eda se aproxim\u00f3 a la ventanilla de una Toyota Hilux que remolcaba un carro de sonido de una de las comparsas para increpar al conductor exigi\u00e9ndole que volviera a \u201cponer m\u00fasica\u201d.<\/p>\n\n\n\n<p>Ante la negativa, introdujo el arma a la cabina y dispar\u00f3. La bala impact\u00f3 en el techo del veh\u00edculo e hiri\u00f3 al chofer.<\/p>\n\n\n\n<p>Tras el ataque, se retir\u00f3 del lugar pero fue r\u00e1pidamente detenido, acusado de \u201cabuso de armas\u201d.<\/p>\n\n\n\n<iframe loading=\"lazy\" src=\"https:\/\/www.facebook.com\/plugins\/video.php?height=476&#038;href=https%3A%2F%2Fwww.facebook.com%2Fhdpchaco%2Fvideos%2F362923683374587%2F&#038;show_text=false&#038;width=267&#038;t=0\" width=\"267\" height=\"476\" style=\"border:none;overflow:hidden\" scrolling=\"no\" frameborder=\"0\" allowfullscreen=\"true\" allow=\"autoplay; clipboard-write; encrypted-media; picture-in-picture; web-share\" allowFullScreen=\"true\"><\/iframe>\n","protected":false},"excerpt":{"rendered":"<p>Un hombre identificado como Julio Garc\u00eda fue detenido la madrugada de este domingo en Presidencia de la Plaza, despu\u00e9s de dispararle con un arma de fuego a otro en el cors\u00f3dromo. Empu\u00f1ando un rev\u00f3lver, Garc\u00eda se aproxim\u00f3 a la ventanilla de una Toyota Hilux que remolcaba un carro de sonido de una de las comparsas [&hellip;]<\/p>\n","protected":false},"author":1,"featured_media":6047,"comment_status":"open","ping_status":"open","sticky":false,"template":"","format":"standard","meta":{"footnotes":""},"categories":[26],"tags":[2233,3307,841,3308,357,977],"class_list":["post-6046","post","type-post","status-publish","format-standard","has-post-thumbnail","hentry","category-policiales","tag-armas","tag-corso","tag-detenido","tag-musica","tag-plaza","tag-revolver"],"_links":{"self":[{"href":"http:\/\/hdpnoticias.com.ar\/index.php?rest_route=\/wp\/v2\/posts\/6046","targetHints":{"allow":["GET"]}}],"collection":[{"href":"http:\/\/hdpnoticias.com.ar\/index.php?rest_route=\/wp\/v2\/posts"}],"about":[{"href":"http:\/\/hdpnoticias.com.ar\/index.php?rest_route=\/wp\/v2\/types\/post"}],"author":[{"embeddable":true,"href":"http:\/\/hdpnoticias.com.ar\/index.php?rest_route=\/wp\/v2\/users\/1"}],"replies":[{"embeddable":true,"href":"http:\/\/hdpnoticias.com.ar\/index.php?rest_route=%2Fwp%2Fv2%2Fcomments&post=6046"}],"version-history":[{"count":1,"href":"http:\/\/hdpnoticias.com.ar\/index.php?rest_route=\/wp\/v2\/posts\/6046\/revisions"}],"predecessor-version":[{"id":6048,"href":"http:\/\/hdpnoticias.com.ar\/index.php?rest_route=\/wp\/v2\/posts\/6046\/revisions\/6048"}],"wp:featuredmedia":[{"embeddable":true,"href":"http:\/\/hdpnoticias.com.ar\/index.php?rest_route=\/wp\/v2\/media\/6047"}],"wp:attachment":[{"href":"http:\/\/hdpnoticias.com.ar\/index.php?rest_route=%2Fwp%2Fv2%2Fmedia&parent=6046"}],"wp:term":[{"taxonomy":"category","embeddable":true,"href":"http:\/\/hdpnoticias.com.ar\/index.php?rest_route=%2Fwp%2Fv2%2Fcategories&post=6046"},{"taxonomy":"post_tag","embeddable":true,"href":"http:\/\/hdpnoticias.com.ar\/index.php?rest_route=%2Fwp%2Fv2%2Ftags&post=6046"}],"curies":[{"name":"wp","href":"https:\/\/api.w.org\/{rel}","templated":true}]}}