{"id":6018,"date":"2024-02-22T21:15:39","date_gmt":"2024-02-23T00:15:39","guid":{"rendered":"https:\/\/hdpnoticias.com.ar\/?p=6018"},"modified":"2024-02-22T21:15:42","modified_gmt":"2024-02-23T00:15:42","slug":"excandidato-coquista-usaba-una-camioneta-oficial-en-pampa-del-indio","status":"publish","type":"post","link":"http:\/\/hdpnoticias.com.ar\/?p=6018","title":{"rendered":"Excandidato coquista usaba una camioneta oficial en Pampa del Indio"},"content":{"rendered":"\n<p>La noche del mi\u00e9rcoles una comisi\u00f3n policial acudi\u00f3 al barrio 37 Viviendas de Pampa del Indio, siguiendo instrucciones del operativo para localizar todos los veh\u00edculos oficiales cedidos irregularmente durante la gesti\u00f3n de Jorge Capitanich.<\/p>\n\n\n\n<p>En este caso se trataba de una Toyota Hilux, propiedad del Ministerio de Producci\u00f3n, que estaba en poder del dirigente peronista Florencio G\u00f3mez, exprecandidato a intendente de esa ciudad por el Frente Chaque\u00f1o.<\/p>\n\n\n\n<p>G\u00f3mez entreg\u00f3 voluntariamente la camioneta con algunos faltantes, pero en condiciones de circular, ya que le daba actualmente un uso particular.<\/p>\n","protected":false},"excerpt":{"rendered":"<p>La noche del mi\u00e9rcoles una comisi\u00f3n policial acudi\u00f3 al barrio 37 Viviendas de Pampa del Indio, siguiendo instrucciones del operativo para localizar todos los veh\u00edculos oficiales cedidos irregularmente durante la gesti\u00f3n de Jorge Capitanich. En este caso se trataba de una Toyota Hilux, propiedad del Ministerio de Producci\u00f3n, que estaba en poder del dirigente peronista [&hellip;]<\/p>\n","protected":false},"author":1,"featured_media":6019,"comment_status":"open","ping_status":"open","sticky":false,"template":"","format":"standard","meta":{"footnotes":""},"categories":[27],"tags":[29,1052,524,391,755,390],"class_list":["post-6018","post","type-post","status-publish","format-standard","has-post-thumbnail","hentry","category-politica","tag-capitanich","tag-frente-chaqueno","tag-gomez","tag-hilux","tag-pampa-del-indio","tag-toyota"],"_links":{"self":[{"href":"http:\/\/hdpnoticias.com.ar\/index.php?rest_route=\/wp\/v2\/posts\/6018","targetHints":{"allow":["GET"]}}],"collection":[{"href":"http:\/\/hdpnoticias.com.ar\/index.php?rest_route=\/wp\/v2\/posts"}],"about":[{"href":"http:\/\/hdpnoticias.com.ar\/index.php?rest_route=\/wp\/v2\/types\/post"}],"author":[{"embeddable":true,"href":"http:\/\/hdpnoticias.com.ar\/index.php?rest_route=\/wp\/v2\/users\/1"}],"replies":[{"embeddable":true,"href":"http:\/\/hdpnoticias.com.ar\/index.php?rest_route=%2Fwp%2Fv2%2Fcomments&post=6018"}],"version-history":[{"count":1,"href":"http:\/\/hdpnoticias.com.ar\/index.php?rest_route=\/wp\/v2\/posts\/6018\/revisions"}],"predecessor-version":[{"id":6020,"href":"http:\/\/hdpnoticias.com.ar\/index.php?rest_route=\/wp\/v2\/posts\/6018\/revisions\/6020"}],"wp:featuredmedia":[{"embeddable":true,"href":"http:\/\/hdpnoticias.com.ar\/index.php?rest_route=\/wp\/v2\/media\/6019"}],"wp:attachment":[{"href":"http:\/\/hdpnoticias.com.ar\/index.php?rest_route=%2Fwp%2Fv2%2Fmedia&parent=6018"}],"wp:term":[{"taxonomy":"category","embeddable":true,"href":"http:\/\/hdpnoticias.com.ar\/index.php?rest_route=%2Fwp%2Fv2%2Fcategories&post=6018"},{"taxonomy":"post_tag","embeddable":true,"href":"http:\/\/hdpnoticias.com.ar\/index.php?rest_route=%2Fwp%2Fv2%2Ftags&post=6018"}],"curies":[{"name":"wp","href":"https:\/\/api.w.org\/{rel}","templated":true}]}}