{"id":5790,"date":"2024-01-30T07:27:29","date_gmt":"2024-01-30T10:27:29","guid":{"rendered":"https:\/\/hdpnoticias.com.ar\/?p=5790"},"modified":"2024-01-30T07:27:31","modified_gmt":"2024-01-30T10:27:31","slug":"el-puerto-barranqueras-lleva-anos-parado-y-todo-indica-que-seguira-asi","status":"publish","type":"post","link":"http:\/\/hdpnoticias.com.ar\/?p=5790","title":{"rendered":"El Puerto Barranqueras lleva a\u00f1os parado y todo indica que seguir\u00e1 as\u00ed"},"content":{"rendered":"\n<p>El Puerto Barranqueras lleva varios a\u00f1os inactivo por la falta de calado para la navegabilidad en el riacho Barranqueras, lo que lo convirti\u00f3 pr\u00e1cticamente en una mera playa de transferencia de cargas para camiones.<\/p>\n\n\n\n<p>Ahora la nueva titular de la Administraci\u00f3n Portuaria: Alicia Azula, durante la visita del gobernador Leandro Zdero, plante\u00f3 una vez m\u00e1s la necesidad del dragado para reactivar los muelles, y aspira a que las obras sean incluidas en la pr\u00f3xima licitaci\u00f3n de la hidrov\u00eda Paran\u00e1-Paraguay.<\/p>\n\n\n\n<p>La misma gesti\u00f3n intentaron las administraciones anteriores durante los 3 gobiernos de Jorge Capitanich y el de Domingo Peppo y s\u00f3lo acumularon fracasos.<\/p>\n\n\n\n<p>El entonces ministro de Infraestructura: Julio De Vido le hab\u00eda prometido a Capitanich resolver el problema pero no cumpli\u00f3. Despu\u00e9s Peppo transfiri\u00f3 fondos para que la Administraci\u00f3n Provincial del Agua se ocupara del dragado pero s\u00f3lo hubo peque\u00f1os movimientos en algunos muelles.<\/p>\n\n\n\n<p>El \u00faltimo intento lo hizo Capitanich cediendo la explotaci\u00f3n del riacho a la compa\u00f1\u00eda belga Jan De Nul, que se ocupar\u00eda del dragado, que inclu\u00eda la apertura de la embocadura norte y el mantenimiento, pero despu\u00e9s del anuncio no hubo mayores novedades.<\/p>\n\n\n\n<p>Ahora las gestiones parecen cuesta arriba, ya que Azula y Zdero aspiran a que la Administraci\u00f3n General de Puertos incorpore el dragado del Puerto Barranqueras en la pr\u00f3xima licitaci\u00f3n para que un concesionario privado asuma la responsabilidad.<\/p>\n\n\n\n<p>Pero, mientras, el Gobierno nacional tiene en sus planes impulsar la explotaci\u00f3n privada de todos los puertos que est\u00e9n en manos estatales, y no descarta incluso la eliminaci\u00f3n de la AGP para convertirla en una dependencia menor dentro de la \u00f3rbita del Ministerio de Econom\u00eda.<\/p>\n\n\n\n<p><\/p>\n\n\n\n<p><\/p>\n\n\n\n<p><\/p>\n\n\n\n<p><\/p>\n\n\n\n<p><\/p>\n\n\n\n<p><\/p>\n\n\n\n<p><\/p>\n","protected":false},"excerpt":{"rendered":"<p>El Puerto Barranqueras lleva varios a\u00f1os inactivo por la falta de calado para la navegabilidad en el riacho Barranqueras, lo que lo convirti\u00f3 pr\u00e1cticamente en una mera playa de transferencia de cargas para camiones. Ahora la nueva titular de la Administraci\u00f3n Portuaria: Alicia Azula, durante la visita del gobernador Leandro Zdero, plante\u00f3 una vez m\u00e1s [&hellip;]<\/p>\n","protected":false},"author":1,"featured_media":5791,"comment_status":"open","ping_status":"open","sticky":false,"template":"","format":"standard","meta":{"footnotes":""},"categories":[6],"tags":[3207,2509,53,29,1774,241,1711,921],"class_list":["post-5790","post","type-post","status-publish","format-standard","has-post-thumbnail","hentry","category-info-general","tag-agp","tag-azula","tag-barranqueras","tag-capitanich","tag-de-vido","tag-peppo","tag-puerto","tag-zdero"],"_links":{"self":[{"href":"http:\/\/hdpnoticias.com.ar\/index.php?rest_route=\/wp\/v2\/posts\/5790","targetHints":{"allow":["GET"]}}],"collection":[{"href":"http:\/\/hdpnoticias.com.ar\/index.php?rest_route=\/wp\/v2\/posts"}],"about":[{"href":"http:\/\/hdpnoticias.com.ar\/index.php?rest_route=\/wp\/v2\/types\/post"}],"author":[{"embeddable":true,"href":"http:\/\/hdpnoticias.com.ar\/index.php?rest_route=\/wp\/v2\/users\/1"}],"replies":[{"embeddable":true,"href":"http:\/\/hdpnoticias.com.ar\/index.php?rest_route=%2Fwp%2Fv2%2Fcomments&post=5790"}],"version-history":[{"count":1,"href":"http:\/\/hdpnoticias.com.ar\/index.php?rest_route=\/wp\/v2\/posts\/5790\/revisions"}],"predecessor-version":[{"id":5792,"href":"http:\/\/hdpnoticias.com.ar\/index.php?rest_route=\/wp\/v2\/posts\/5790\/revisions\/5792"}],"wp:featuredmedia":[{"embeddable":true,"href":"http:\/\/hdpnoticias.com.ar\/index.php?rest_route=\/wp\/v2\/media\/5791"}],"wp:attachment":[{"href":"http:\/\/hdpnoticias.com.ar\/index.php?rest_route=%2Fwp%2Fv2%2Fmedia&parent=5790"}],"wp:term":[{"taxonomy":"category","embeddable":true,"href":"http:\/\/hdpnoticias.com.ar\/index.php?rest_route=%2Fwp%2Fv2%2Fcategories&post=5790"},{"taxonomy":"post_tag","embeddable":true,"href":"http:\/\/hdpnoticias.com.ar\/index.php?rest_route=%2Fwp%2Fv2%2Ftags&post=5790"}],"curies":[{"name":"wp","href":"https:\/\/api.w.org\/{rel}","templated":true}]}}