{"id":5774,"date":"2024-01-27T07:45:11","date_gmt":"2024-01-27T10:45:11","guid":{"rendered":"https:\/\/hdpnoticias.com.ar\/?p=5774"},"modified":"2024-01-27T07:45:14","modified_gmt":"2024-01-27T10:45:14","slug":"cayo-el-quinto-buscado-por-el-crimen-de-umma","status":"publish","type":"post","link":"http:\/\/hdpnoticias.com.ar\/?p=5774","title":{"rendered":"Cay\u00f3 el quinto buscado por el crimen de Umma"},"content":{"rendered":"\n<p>Ariel Acu\u00f1a Vega, paraguayo nacionalizado argentino, es el quinto detenido por el crimen de Umma, de 9 a\u00f1os, hija de Eduardo Aguilera, custodio de la ministra de Seguridad: Patricia Bullrich, cometido el \u00faltimo lunes.<\/p>\n\n\n\n<p>Sus huellas dactilares fueron relevadas en las manijas de la puerta del conductor del autom\u00f3vil utilizado en el atraco al auto del custodio en el que estaba la ni\u00f1a asesinada.<\/p>\n\n\n\n<p>Ahora son 5 los detenidos por el crimen, despu\u00e9s de Valent\u00edn Garc\u00eda, Axel Rojas y los hermanos Pastor y Guillermo Romero Molina.<\/p>\n\n\n\n<p>Se cree que Garc\u00eda podr\u00eda ser liberado despu\u00e9s de que su abogado presentara grabaciones de c\u00e1maras de seguridad que probar\u00edan que al momento del hecho se encontraba en otro lugar.<\/p>\n","protected":false},"excerpt":{"rendered":"<p>Ariel Acu\u00f1a Vega, paraguayo nacionalizado argentino, es el quinto detenido por el crimen de Umma, de 9 a\u00f1os, hija de Eduardo Aguilera, custodio de la ministra de Seguridad: Patricia Bullrich, cometido el \u00faltimo lunes. Sus huellas dactilares fueron relevadas en las manijas de la puerta del conductor del autom\u00f3vil utilizado en el atraco al auto [&hellip;]<\/p>\n","protected":false},"author":1,"featured_media":5775,"comment_status":"open","ping_status":"open","sticky":false,"template":"","format":"standard","meta":{"footnotes":""},"categories":[26],"tags":[275,559,87,3002,841,1977,2964,55,3180],"class_list":["post-5774","post","type-post","status-publish","format-standard","has-post-thumbnail","hentry","category-policiales","tag-asesinato","tag-bullrich","tag-crimen","tag-custodio","tag-detenido","tag-federal","tag-paraguayo","tag-policia","tag-umma"],"_links":{"self":[{"href":"http:\/\/hdpnoticias.com.ar\/index.php?rest_route=\/wp\/v2\/posts\/5774","targetHints":{"allow":["GET"]}}],"collection":[{"href":"http:\/\/hdpnoticias.com.ar\/index.php?rest_route=\/wp\/v2\/posts"}],"about":[{"href":"http:\/\/hdpnoticias.com.ar\/index.php?rest_route=\/wp\/v2\/types\/post"}],"author":[{"embeddable":true,"href":"http:\/\/hdpnoticias.com.ar\/index.php?rest_route=\/wp\/v2\/users\/1"}],"replies":[{"embeddable":true,"href":"http:\/\/hdpnoticias.com.ar\/index.php?rest_route=%2Fwp%2Fv2%2Fcomments&post=5774"}],"version-history":[{"count":1,"href":"http:\/\/hdpnoticias.com.ar\/index.php?rest_route=\/wp\/v2\/posts\/5774\/revisions"}],"predecessor-version":[{"id":5776,"href":"http:\/\/hdpnoticias.com.ar\/index.php?rest_route=\/wp\/v2\/posts\/5774\/revisions\/5776"}],"wp:featuredmedia":[{"embeddable":true,"href":"http:\/\/hdpnoticias.com.ar\/index.php?rest_route=\/wp\/v2\/media\/5775"}],"wp:attachment":[{"href":"http:\/\/hdpnoticias.com.ar\/index.php?rest_route=%2Fwp%2Fv2%2Fmedia&parent=5774"}],"wp:term":[{"taxonomy":"category","embeddable":true,"href":"http:\/\/hdpnoticias.com.ar\/index.php?rest_route=%2Fwp%2Fv2%2Fcategories&post=5774"},{"taxonomy":"post_tag","embeddable":true,"href":"http:\/\/hdpnoticias.com.ar\/index.php?rest_route=%2Fwp%2Fv2%2Ftags&post=5774"}],"curies":[{"name":"wp","href":"https:\/\/api.w.org\/{rel}","templated":true}]}}