{"id":5703,"date":"2024-01-19T16:46:45","date_gmt":"2024-01-19T19:46:45","guid":{"rendered":"https:\/\/hdpnoticias.com.ar\/?p=5703"},"modified":"2024-01-19T16:47:51","modified_gmt":"2024-01-19T19:47:51","slug":"trasladaron-al-servicio-penitenciario-a-marcela-acuna-y-emerenciano-sena","status":"publish","type":"post","link":"http:\/\/hdpnoticias.com.ar\/?p=5703","title":{"rendered":"Trasladaron al Servicio Penitenciario a Marcela Acu\u00f1a y Emerenciano Sena"},"content":{"rendered":"\n<p>Los dirigentes sociales Emerenciano Sena y su esposa Marcela Acu\u00f1a, detenidos en la causa por el femicidio de Cecilia Strzyzowski, que tiene por principal imputado al hijo de ambos: C\u00e9sar Sena, fueron trasladados a un nuevo lugar de detenci\u00f3n.<\/p>\n\n\n\n<p>Emerenciano, que estaba alojado en la Comisar\u00eda Tercera, a pocas cuadras de su domicilio, fue derivado a la Alcaid\u00eda.<\/p>\n\n\n\n<p>Mientras, Marcela Acu\u00f1a fue trasladada desde la Comisar\u00eda Sexta, a la Unidad Penitenciaria de Mujeres 1.<\/p>\n\n\n\n<p>As\u00ed, la Polic\u00eda del Chaco transfiere la custodia de los detenidos al Servicio Penitenciario Provincial. Sendos operativos contaron con la intervenci\u00f3n de efectivos de varias unidades y ambas fuerzas.<\/p>\n\n\n\n<p>Ahora se acrecienta la expectativa por el contacto semanal que hab\u00eda sido autorizado por la jueza Mar\u00eda Pereyra, pero que fue interrumpido por decisi\u00f3n de la C\u00e1mara de Apelaciones, ratificada Superior Tribunal de Justicia.<\/p>\n","protected":false},"excerpt":{"rendered":"<p>Los dirigentes sociales Emerenciano Sena y su esposa Marcela Acu\u00f1a, detenidos en la causa por el femicidio de Cecilia Strzyzowski, que tiene por principal imputado al hijo de ambos: C\u00e9sar Sena, fueron trasladados a un nuevo lugar de detenci\u00f3n. Emerenciano, que estaba alojado en la Comisar\u00eda Tercera, a pocas cuadras de su domicilio, fue derivado [&hellip;]<\/p>\n","protected":false},"author":1,"featured_media":5704,"comment_status":"open","ping_status":"open","sticky":false,"template":"","format":"standard","meta":{"footnotes":""},"categories":[26],"tags":[1813,1812,793,409,283,1787,55,2542,1854],"class_list":["post-5703","post","type-post","status-publish","format-standard","has-post-thumbnail","hentry","category-policiales","tag-cecilia","tag-cesar","tag-emerenciano","tag-femicidio","tag-homicidio","tag-marcela","tag-policia","tag-servicio-penitenciario","tag-strzyzowski"],"_links":{"self":[{"href":"http:\/\/hdpnoticias.com.ar\/index.php?rest_route=\/wp\/v2\/posts\/5703","targetHints":{"allow":["GET"]}}],"collection":[{"href":"http:\/\/hdpnoticias.com.ar\/index.php?rest_route=\/wp\/v2\/posts"}],"about":[{"href":"http:\/\/hdpnoticias.com.ar\/index.php?rest_route=\/wp\/v2\/types\/post"}],"author":[{"embeddable":true,"href":"http:\/\/hdpnoticias.com.ar\/index.php?rest_route=\/wp\/v2\/users\/1"}],"replies":[{"embeddable":true,"href":"http:\/\/hdpnoticias.com.ar\/index.php?rest_route=%2Fwp%2Fv2%2Fcomments&post=5703"}],"version-history":[{"count":1,"href":"http:\/\/hdpnoticias.com.ar\/index.php?rest_route=\/wp\/v2\/posts\/5703\/revisions"}],"predecessor-version":[{"id":5705,"href":"http:\/\/hdpnoticias.com.ar\/index.php?rest_route=\/wp\/v2\/posts\/5703\/revisions\/5705"}],"wp:featuredmedia":[{"embeddable":true,"href":"http:\/\/hdpnoticias.com.ar\/index.php?rest_route=\/wp\/v2\/media\/5704"}],"wp:attachment":[{"href":"http:\/\/hdpnoticias.com.ar\/index.php?rest_route=%2Fwp%2Fv2%2Fmedia&parent=5703"}],"wp:term":[{"taxonomy":"category","embeddable":true,"href":"http:\/\/hdpnoticias.com.ar\/index.php?rest_route=%2Fwp%2Fv2%2Fcategories&post=5703"},{"taxonomy":"post_tag","embeddable":true,"href":"http:\/\/hdpnoticias.com.ar\/index.php?rest_route=%2Fwp%2Fv2%2Ftags&post=5703"}],"curies":[{"name":"wp","href":"https:\/\/api.w.org\/{rel}","templated":true}]}}