{"id":5192,"date":"2023-11-26T22:55:32","date_gmt":"2023-11-27T01:55:32","guid":{"rendered":"https:\/\/hdpnoticias.com.ar\/?p=5192"},"modified":"2023-11-26T22:55:35","modified_gmt":"2023-11-27T01:55:35","slug":"suicidio-en-el-parana-una-mujer-se-arrojo-desde-el-puente","status":"publish","type":"post","link":"http:\/\/hdpnoticias.com.ar\/?p=5192","title":{"rendered":"Suicidio en el Paran\u00e1: una mujer se arroj\u00f3 desde el puente"},"content":{"rendered":"\n<p>La ma\u00f1ana del s\u00e1bado una mujer salt\u00f3 al r\u00edo Paran\u00e1 desde el puente interprovincial General Belgrano. El hecho fue captado por las c\u00e1maras de seguridad.<\/p>\n\n\n\n<p>Para intentar identificarla, los investigadores cotejaron las grabaciones de las c\u00e1maras de seguridad.<\/p>\n\n\n\n<p>Paralelamente, una mujer denunci\u00f3 la desaparici\u00f3n de su hermana, Alicia Beatriz Ojeda, de 48 a\u00f1os, domiciliada en Colonias Elisa, a quien hab\u00eda ido a visitar pero no encontr\u00f3 en su casa y tampoco pudo comunicarse con ella.<\/p>\n\n\n\n<p>Los vecinos le hab\u00edan dicho que planeaba viajar a Resistencia.<\/p>\n\n\n\n<p>Finalmente, la reconoci\u00f3 en los videos lanz\u00e1ndose desde el puente.<\/p>\n","protected":false},"excerpt":{"rendered":"<p>La ma\u00f1ana del s\u00e1bado una mujer salt\u00f3 al r\u00edo Paran\u00e1 desde el puente interprovincial General Belgrano. El hecho fue captado por las c\u00e1maras de seguridad. Para intentar identificarla, los investigadores cotejaron las grabaciones de las c\u00e1maras de seguridad. Paralelamente, una mujer denunci\u00f3 la desaparici\u00f3n de su hermana, Alicia Beatriz Ojeda, de 48 a\u00f1os, domiciliada en [&hellip;]<\/p>\n","protected":false},"author":1,"featured_media":5193,"comment_status":"open","ping_status":"open","sticky":false,"template":"","format":"standard","meta":{"footnotes":""},"categories":[26],"tags":[1242,37,690,412,970,304,115],"class_list":["post-5192","post","type-post","status-publish","format-standard","has-post-thumbnail","hentry","category-policiales","tag-camaras","tag-chaco","tag-colonia-elisa","tag-desaparecidas","tag-general-belgrano","tag-puente","tag-suicidio"],"_links":{"self":[{"href":"http:\/\/hdpnoticias.com.ar\/index.php?rest_route=\/wp\/v2\/posts\/5192","targetHints":{"allow":["GET"]}}],"collection":[{"href":"http:\/\/hdpnoticias.com.ar\/index.php?rest_route=\/wp\/v2\/posts"}],"about":[{"href":"http:\/\/hdpnoticias.com.ar\/index.php?rest_route=\/wp\/v2\/types\/post"}],"author":[{"embeddable":true,"href":"http:\/\/hdpnoticias.com.ar\/index.php?rest_route=\/wp\/v2\/users\/1"}],"replies":[{"embeddable":true,"href":"http:\/\/hdpnoticias.com.ar\/index.php?rest_route=%2Fwp%2Fv2%2Fcomments&post=5192"}],"version-history":[{"count":1,"href":"http:\/\/hdpnoticias.com.ar\/index.php?rest_route=\/wp\/v2\/posts\/5192\/revisions"}],"predecessor-version":[{"id":5194,"href":"http:\/\/hdpnoticias.com.ar\/index.php?rest_route=\/wp\/v2\/posts\/5192\/revisions\/5194"}],"wp:featuredmedia":[{"embeddable":true,"href":"http:\/\/hdpnoticias.com.ar\/index.php?rest_route=\/wp\/v2\/media\/5193"}],"wp:attachment":[{"href":"http:\/\/hdpnoticias.com.ar\/index.php?rest_route=%2Fwp%2Fv2%2Fmedia&parent=5192"}],"wp:term":[{"taxonomy":"category","embeddable":true,"href":"http:\/\/hdpnoticias.com.ar\/index.php?rest_route=%2Fwp%2Fv2%2Fcategories&post=5192"},{"taxonomy":"post_tag","embeddable":true,"href":"http:\/\/hdpnoticias.com.ar\/index.php?rest_route=%2Fwp%2Fv2%2Ftags&post=5192"}],"curies":[{"name":"wp","href":"https:\/\/api.w.org\/{rel}","templated":true}]}}