{"id":4866,"date":"2023-10-29T19:19:06","date_gmt":"2023-10-29T22:19:06","guid":{"rendered":"http:\/\/hdpnoticias.com.ar\/?p=4866"},"modified":"2023-10-29T19:19:10","modified_gmt":"2023-10-29T22:19:10","slug":"un-incendio-destruyo-5-colectivos-de-la-linea-1-en-saenz-pena","status":"publish","type":"post","link":"http:\/\/hdpnoticias.com.ar\/?p=4866","title":{"rendered":"Un incendio destruy\u00f3 5 colectivos de la L\u00ednea 1 en S\u00e1enz Pe\u00f1a"},"content":{"rendered":"\n<p>Un voraz incendio se desat\u00f3 alrededor de las 22 del s\u00e1bado en una de las playas de la compa\u00f1\u00eda de transporte urbano de pasajeros San Roque, que cubre el servicio de la L\u00ednea 1 en Presidencia Roque S\u00e1enz Pe\u00f1a.<\/p>\n\n\n\n<p>Los vecinos advirtieron que uno de los micros estacionado en el predio de las calles 21 y 24 estaba envuelto en llamas y alertaron a la Polic\u00eda y los Bomberos mientras intentaban sofocarlas por sus propios medios.<\/p>\n\n\n\n<p>Cuando arrib\u00f3 la primera dotaci\u00f3n, el fuego ya hab\u00eda avanzado a otras unidades y se extendi\u00f3 finalmente a 5, 4 de las cuales terminaron completamente arruinadas mientras otra sufri\u00f3 da\u00f1os en gran parte de su estructura.<\/p>\n\n\n\n<p>Trabajadores de la empresa dijeron que el da\u00f1o pudo haber sido mayor si no lograban retirar el resto de los colectivos a tiempo.<\/p>\n\n\n\n<p>Los peritos investigan c\u00f3mo se origin\u00f3 el incendio y no se descarta la hip\u00f3tesis de una maniobra deliberada.<\/p>\n","protected":false},"excerpt":{"rendered":"<p>Un voraz incendio se desat\u00f3 alrededor de las 22 del s\u00e1bado en una de las playas de la compa\u00f1\u00eda de transporte urbano de pasajeros San Roque, que cubre el servicio de la L\u00ednea 1 en Presidencia Roque S\u00e1enz Pe\u00f1a. Los vecinos advirtieron que uno de los micros estacionado en el predio de las calles 21 [&hellip;]<\/p>\n","protected":false},"author":1,"featured_media":4867,"comment_status":"open","ping_status":"open","sticky":false,"template":"","format":"standard","meta":{"footnotes":""},"categories":[26],"tags":[309,377,2802,307,2800,2801,55,95,623],"class_list":["post-4866","post","type-post","status-publish","format-standard","has-post-thumbnail","hentry","category-policiales","tag-bomberos","tag-colectivos","tag-fuego","tag-incendio","tag-linea-1","tag-llamas","tag-policia","tag-saenz-pena","tag-transporte"],"_links":{"self":[{"href":"http:\/\/hdpnoticias.com.ar\/index.php?rest_route=\/wp\/v2\/posts\/4866","targetHints":{"allow":["GET"]}}],"collection":[{"href":"http:\/\/hdpnoticias.com.ar\/index.php?rest_route=\/wp\/v2\/posts"}],"about":[{"href":"http:\/\/hdpnoticias.com.ar\/index.php?rest_route=\/wp\/v2\/types\/post"}],"author":[{"embeddable":true,"href":"http:\/\/hdpnoticias.com.ar\/index.php?rest_route=\/wp\/v2\/users\/1"}],"replies":[{"embeddable":true,"href":"http:\/\/hdpnoticias.com.ar\/index.php?rest_route=%2Fwp%2Fv2%2Fcomments&post=4866"}],"version-history":[{"count":1,"href":"http:\/\/hdpnoticias.com.ar\/index.php?rest_route=\/wp\/v2\/posts\/4866\/revisions"}],"predecessor-version":[{"id":4868,"href":"http:\/\/hdpnoticias.com.ar\/index.php?rest_route=\/wp\/v2\/posts\/4866\/revisions\/4868"}],"wp:featuredmedia":[{"embeddable":true,"href":"http:\/\/hdpnoticias.com.ar\/index.php?rest_route=\/wp\/v2\/media\/4867"}],"wp:attachment":[{"href":"http:\/\/hdpnoticias.com.ar\/index.php?rest_route=%2Fwp%2Fv2%2Fmedia&parent=4866"}],"wp:term":[{"taxonomy":"category","embeddable":true,"href":"http:\/\/hdpnoticias.com.ar\/index.php?rest_route=%2Fwp%2Fv2%2Fcategories&post=4866"},{"taxonomy":"post_tag","embeddable":true,"href":"http:\/\/hdpnoticias.com.ar\/index.php?rest_route=%2Fwp%2Fv2%2Ftags&post=4866"}],"curies":[{"name":"wp","href":"https:\/\/api.w.org\/{rel}","templated":true}]}}