{"id":4567,"date":"2023-10-09T06:24:45","date_gmt":"2023-10-09T09:24:45","guid":{"rendered":"http:\/\/hdpnoticias.com.ar\/?p=4567"},"modified":"2023-10-09T06:24:47","modified_gmt":"2023-10-09T09:24:47","slug":"milei-retrocede-con-la-libre-portacion-de-armas-y-la-venta-de-organos","status":"publish","type":"post","link":"http:\/\/hdpnoticias.com.ar\/?p=4567","title":{"rendered":"Milei retrocede con la libre portaci\u00f3n de armas y la venta de \u00f3rganos"},"content":{"rendered":"\n<p>El segundo debate dej\u00f3 nuevos posicionamientos en algunos de los candidatos presidenciales que se disputar\u00e1n el electorado el pr\u00f3ximo 22 de octubre.<\/p>\n\n\n\n<p>Este segundo evento, en la Facultad de Derecho de la UBA, tuvo alternativas m\u00e1s interesantes que el primero celebrado en Santiago del Estero.<\/p>\n\n\n\n<p>Patricia Bullrich, candidata de Juntos por el Cambio, esta vez dividi\u00f3 su frente de ataque entre Sergio Massa, de Uni\u00f3n por la Patria, y Javier Milei, de La Libertad Avanza.<\/p>\n\n\n\n<p>Al interceptar a este \u00faltimo plante\u00f3 a la audiencia que \u201cla libre portaci\u00f3n de armas que \u00e9l propone terminar\u00e1 armando a los delincuentes\u201d. Y en otro trayecto tambi\u00e9n reproch\u00f3 la venta de \u00f3rganos abonada por Milei, describi\u00e9ndola como \u201c\u00faltimo recurso\u201d cuando a los argentinos ya no les quede nada por vender si \u00e9l llega a la Presidencia.<\/p>\n\n\n\n<p>Esto forz\u00f3 el derecho a r\u00e9plica del candidato libertario en 2 oportunidades: \u201cJam\u00e1s habl\u00e9 de libre portaci\u00f3n de armas\u201d, asegur\u00f3, y agreg\u00f3 que s\u00f3lo se refiri\u00f3 a la aplicaci\u00f3n de la ley de armas que ya existe pero que se implementa a medias por una enorme cantidad de trabas.<\/p>\n\n\n\n<p>Y aunque durante el primer tramo de la campa\u00f1a defend\u00eda la venta de \u00f3rganos como un derecho a la propiedad privada que significa su cuerpo para cada persona, ahora tambi\u00e9n lo neg\u00f3. \u201cLo que dije es que si hay tantos donantes y los \u00f3rganos no llegan a la gente que los necesita, es porque algo pasa en el medio\u201d, se limit\u00f3 a explicar.<\/p>\n","protected":false},"excerpt":{"rendered":"<p>El segundo debate dej\u00f3 nuevos posicionamientos en algunos de los candidatos presidenciales que se disputar\u00e1n el electorado el pr\u00f3ximo 22 de octubre. Este segundo evento, en la Facultad de Derecho de la UBA, tuvo alternativas m\u00e1s interesantes que el primero celebrado en Santiago del Estero. Patricia Bullrich, candidata de Juntos por el Cambio, esta vez [&hellip;]<\/p>\n","protected":false},"author":1,"featured_media":4568,"comment_status":"open","ping_status":"open","sticky":false,"template":"","format":"standard","meta":{"footnotes":""},"categories":[27],"tags":[2233,559,2356,2658,450,2325,289,1319,2660,2659,2657],"class_list":["post-4567","post","type-post","status-publish","format-standard","has-post-thumbnail","hentry","category-politica","tag-armas","tag-bullrich","tag-debate","tag-derecho","tag-juntos-por-el-cambio","tag-la-libertad-avanza","tag-massa","tag-milei","tag-organos","tag-uba","tag-union-por-la-patira"],"_links":{"self":[{"href":"http:\/\/hdpnoticias.com.ar\/index.php?rest_route=\/wp\/v2\/posts\/4567","targetHints":{"allow":["GET"]}}],"collection":[{"href":"http:\/\/hdpnoticias.com.ar\/index.php?rest_route=\/wp\/v2\/posts"}],"about":[{"href":"http:\/\/hdpnoticias.com.ar\/index.php?rest_route=\/wp\/v2\/types\/post"}],"author":[{"embeddable":true,"href":"http:\/\/hdpnoticias.com.ar\/index.php?rest_route=\/wp\/v2\/users\/1"}],"replies":[{"embeddable":true,"href":"http:\/\/hdpnoticias.com.ar\/index.php?rest_route=%2Fwp%2Fv2%2Fcomments&post=4567"}],"version-history":[{"count":1,"href":"http:\/\/hdpnoticias.com.ar\/index.php?rest_route=\/wp\/v2\/posts\/4567\/revisions"}],"predecessor-version":[{"id":4569,"href":"http:\/\/hdpnoticias.com.ar\/index.php?rest_route=\/wp\/v2\/posts\/4567\/revisions\/4569"}],"wp:featuredmedia":[{"embeddable":true,"href":"http:\/\/hdpnoticias.com.ar\/index.php?rest_route=\/wp\/v2\/media\/4568"}],"wp:attachment":[{"href":"http:\/\/hdpnoticias.com.ar\/index.php?rest_route=%2Fwp%2Fv2%2Fmedia&parent=4567"}],"wp:term":[{"taxonomy":"category","embeddable":true,"href":"http:\/\/hdpnoticias.com.ar\/index.php?rest_route=%2Fwp%2Fv2%2Fcategories&post=4567"},{"taxonomy":"post_tag","embeddable":true,"href":"http:\/\/hdpnoticias.com.ar\/index.php?rest_route=%2Fwp%2Fv2%2Ftags&post=4567"}],"curies":[{"name":"wp","href":"https:\/\/api.w.org\/{rel}","templated":true}]}}